{"id":8113,"date":"2024-12-28T21:42:06","date_gmt":"2024-12-28T20:42:06","guid":{"rendered":"https:\/\/wgphoto.pl\/t\/?p=8113"},"modified":"2024-12-28T21:42:06","modified_gmt":"2024-12-28T20:42:06","slug":"zakazy","status":"publish","type":"post","link":"http:\/\/wgphoto.pl\/t\/?p=8113","title":{"rendered":"Zakazy"},"content":{"rendered":"\n<figure class=\"wp-block-image aligncenter size-full\"><img loading=\"lazy\" decoding=\"async\" width=\"1300\" height=\"861\" src=\"https:\/\/wgphoto.pl\/t\/wp-content\/uploads\/2024\/12\/IMGP0911.jpg\" alt=\"\" class=\"wp-image-8114\" srcset=\"http:\/\/wgphoto.pl\/t\/wp-content\/uploads\/2024\/12\/IMGP0911.jpg 1300w, http:\/\/wgphoto.pl\/t\/wp-content\/uploads\/2024\/12\/IMGP0911-300x199.jpg 300w, http:\/\/wgphoto.pl\/t\/wp-content\/uploads\/2024\/12\/IMGP0911-768x509.jpg 768w\" sizes=\"auto, (max-width: 1300px) 100vw, 1300px\" \/><\/figure>\n\n\n\n<div class=\"wp-block-group has-global-padding is-layout-constrained wp-block-group-is-layout-constrained\">\n<p>P\u00f3\u0142nocny wyjazd z tunelowego odcinka linii p\u00f3\u0142noc-po\u0142udnie w Brukseli, za dworcem P\u00f3\u0142nocnym, obfituje w zakazy, spo\u015br\u00f3d kt\u00f3rych \u017caden nie odnosi si\u0119 do tramwaju. A z tunelu wyje\u017cd\u017ca na \u015bwiat\u0142o dzienne Bombardier T3000 nr 3120. 17.08.2018<\/p>\n<\/div>\n","protected":false},"excerpt":{"rendered":"<p>P\u00f3\u0142nocny wyjazd z tunelowego odcinka linii p\u00f3\u0142noc-po\u0142udnie w Brukseli, za dworcem P\u00f3\u0142nocnym, obfituje w zakazy, spo\u015br\u00f3d kt\u00f3rych \u017caden nie odnosi si\u0119 do tramwaju. A z tunelu wyje\u017cd\u017ca na \u015bwiat\u0142o dzienne Bombardier T3000 nr 3120. 17.08.2018<\/p>\n","protected":false},"author":1,"featured_media":8114,"comment_status":"open","ping_status":"","sticky":false,"template":"","format":"standard","meta":{"footnotes":""},"categories":[156,3],"tags":[697,695,696,692,185,103,693,15],"class_list":["post-8113","post","type-post","status-publish","format-standard","has-post-thumbnail","hentry","category-rok-2018","category-tramwaj","tag-2018-08-17","tag-belgia","tag-belgia-2018","tag-bruksela","tag-cityrunner","tag-premetro","tag-stib-mivb-bruxelles","tag-tunel"],"_links":{"self":[{"href":"http:\/\/wgphoto.pl\/t\/index.php?rest_route=\/wp\/v2\/posts\/8113","targetHints":{"allow":["GET"]}}],"collection":[{"href":"http:\/\/wgphoto.pl\/t\/index.php?rest_route=\/wp\/v2\/posts"}],"about":[{"href":"http:\/\/wgphoto.pl\/t\/index.php?rest_route=\/wp\/v2\/types\/post"}],"author":[{"embeddable":true,"href":"http:\/\/wgphoto.pl\/t\/index.php?rest_route=\/wp\/v2\/users\/1"}],"replies":[{"embeddable":true,"href":"http:\/\/wgphoto.pl\/t\/index.php?rest_route=%2Fwp%2Fv2%2Fcomments&post=8113"}],"version-history":[{"count":1,"href":"http:\/\/wgphoto.pl\/t\/index.php?rest_route=\/wp\/v2\/posts\/8113\/revisions"}],"predecessor-version":[{"id":8115,"href":"http:\/\/wgphoto.pl\/t\/index.php?rest_route=\/wp\/v2\/posts\/8113\/revisions\/8115"}],"wp:featuredmedia":[{"embeddable":true,"href":"http:\/\/wgphoto.pl\/t\/index.php?rest_route=\/wp\/v2\/media\/8114"}],"wp:attachment":[{"href":"http:\/\/wgphoto.pl\/t\/index.php?rest_route=%2Fwp%2Fv2%2Fmedia&parent=8113"}],"wp:term":[{"taxonomy":"category","embeddable":true,"href":"http:\/\/wgphoto.pl\/t\/index.php?rest_route=%2Fwp%2Fv2%2Fcategories&post=8113"},{"taxonomy":"post_tag","embeddable":true,"href":"http:\/\/wgphoto.pl\/t\/index.php?rest_route=%2Fwp%2Fv2%2Ftags&post=8113"}],"curies":[{"name":"wp","href":"https:\/\/api.w.org\/{rel}","templated":true}]}}