{"id":8125,"date":"2024-12-28T21:45:56","date_gmt":"2024-12-28T20:45:56","guid":{"rendered":"https:\/\/wgphoto.pl\/t\/?p=8125"},"modified":"2024-12-28T21:45:56","modified_gmt":"2024-12-28T20:45:56","slug":"elblaski-rodzynek","status":"publish","type":"post","link":"http:\/\/wgphoto.pl\/t\/?p=8125","title":{"rendered":"Elbl\u0105ski rodzynek"},"content":{"rendered":"\n<figure class=\"wp-block-image aligncenter size-full\"><img loading=\"lazy\" decoding=\"async\" width=\"1300\" height=\"867\" src=\"https:\/\/wgphoto.pl\/t\/wp-content\/uploads\/2024\/12\/0722-34a.jpg\" alt=\"\" class=\"wp-image-8126\" srcset=\"http:\/\/wgphoto.pl\/t\/wp-content\/uploads\/2024\/12\/0722-34a.jpg 1300w, http:\/\/wgphoto.pl\/t\/wp-content\/uploads\/2024\/12\/0722-34a-300x200.jpg 300w, http:\/\/wgphoto.pl\/t\/wp-content\/uploads\/2024\/12\/0722-34a-768x512.jpg 768w\" sizes=\"auto, (max-width: 1300px) 100vw, 1300px\" \/><\/figure>\n\n\n\n<div class=\"wp-block-group has-global-padding is-layout-constrained wp-block-group-is-layout-constrained\">\n<p>Elbl\u0105g, ul. 1 Maja. W\u00f3z 805Na 058 jest (by\u0142?) chyba jedynym w Polsce, kt\u00f3ry dosta\u0142 wy\u015bwietlacz zast\u0119puj\u0105cy tradycyjn\u0105 tablic\u0119 z numerem linii, zamontowany w jej miejscu. Podoba mi si\u0119 takie rozwi\u0105zanie, tylko jest pewnie niepraktyczne w przypadku kolizji. Wagon mia\u0142 przy okazji zamontowan\u0105, zdaje si\u0119, jak\u0105\u015b nowoczesn\u0105 elektryk\u0119. 20.08.2007<\/p>\n<\/div>\n","protected":false},"excerpt":{"rendered":"<p>Elbl\u0105g, ul. 1 Maja. W\u00f3z 805Na 058 jest (by\u0142?) chyba jedynym w Polsce, kt\u00f3ry dosta\u0142 wy\u015bwietlacz zast\u0119puj\u0105cy tradycyjn\u0105 tablic\u0119 z numerem linii, zamontowany w jej miejscu. Podoba mi si\u0119 takie rozwi\u0105zanie, tylko jest pewnie niepraktyczne w przypadku kolizji. Wagon mia\u0142 przy okazji zamontowan\u0105, zdaje si\u0119, jak\u0105\u015b nowoczesn\u0105 elektryk\u0119. 20.08.2007<\/p>\n","protected":false},"author":1,"featured_media":8126,"comment_status":"open","ping_status":"","sticky":false,"template":"","format":"standard","meta":{"footnotes":""},"categories":[62,96,3],"tags":[2635,2622,2078,154,27,2079],"class_list":["post-8125","post","type-post","status-publish","format-standard","has-post-thumbnail","hentry","category-analog","category-rok-2007","category-tramwaj","tag-2007-08-20","tag-805na","tag-elblag","tag-noc","tag-polska","tag-tramwaje-elblaskie"],"_links":{"self":[{"href":"http:\/\/wgphoto.pl\/t\/index.php?rest_route=\/wp\/v2\/posts\/8125","targetHints":{"allow":["GET"]}}],"collection":[{"href":"http:\/\/wgphoto.pl\/t\/index.php?rest_route=\/wp\/v2\/posts"}],"about":[{"href":"http:\/\/wgphoto.pl\/t\/index.php?rest_route=\/wp\/v2\/types\/post"}],"author":[{"embeddable":true,"href":"http:\/\/wgphoto.pl\/t\/index.php?rest_route=\/wp\/v2\/users\/1"}],"replies":[{"embeddable":true,"href":"http:\/\/wgphoto.pl\/t\/index.php?rest_route=%2Fwp%2Fv2%2Fcomments&post=8125"}],"version-history":[{"count":1,"href":"http:\/\/wgphoto.pl\/t\/index.php?rest_route=\/wp\/v2\/posts\/8125\/revisions"}],"predecessor-version":[{"id":8127,"href":"http:\/\/wgphoto.pl\/t\/index.php?rest_route=\/wp\/v2\/posts\/8125\/revisions\/8127"}],"wp:featuredmedia":[{"embeddable":true,"href":"http:\/\/wgphoto.pl\/t\/index.php?rest_route=\/wp\/v2\/media\/8126"}],"wp:attachment":[{"href":"http:\/\/wgphoto.pl\/t\/index.php?rest_route=%2Fwp%2Fv2%2Fmedia&parent=8125"}],"wp:term":[{"taxonomy":"category","embeddable":true,"href":"http:\/\/wgphoto.pl\/t\/index.php?rest_route=%2Fwp%2Fv2%2Fcategories&post=8125"},{"taxonomy":"post_tag","embeddable":true,"href":"http:\/\/wgphoto.pl\/t\/index.php?rest_route=%2Fwp%2Fv2%2Ftags&post=8125"}],"curies":[{"name":"wp","href":"https:\/\/api.w.org\/{rel}","templated":true}]}}