{"id":8173,"date":"2024-12-28T22:02:14","date_gmt":"2024-12-28T21:02:14","guid":{"rendered":"https:\/\/wgphoto.pl\/t\/?p=8173"},"modified":"2024-12-28T22:02:14","modified_gmt":"2024-12-28T21:02:14","slug":"andaluzja-nie-zawsze-sloneczna","status":"publish","type":"post","link":"http:\/\/wgphoto.pl\/t\/?p=8173","title":{"rendered":"Andaluzja nie zawsze s\u0142oneczna"},"content":{"rendered":"\n<figure class=\"wp-block-image aligncenter size-full\"><img loading=\"lazy\" decoding=\"async\" width=\"1300\" height=\"861\" src=\"https:\/\/wgphoto.pl\/t\/wp-content\/uploads\/2024\/12\/IMGP2345.jpg\" alt=\"\" class=\"wp-image-8174\" srcset=\"http:\/\/wgphoto.pl\/t\/wp-content\/uploads\/2024\/12\/IMGP2345.jpg 1300w, http:\/\/wgphoto.pl\/t\/wp-content\/uploads\/2024\/12\/IMGP2345-300x199.jpg 300w, http:\/\/wgphoto.pl\/t\/wp-content\/uploads\/2024\/12\/IMGP2345-768x509.jpg 768w\" sizes=\"auto, (max-width: 1300px) 100vw, 1300px\" \/><\/figure>\n\n\n\n<div class=\"wp-block-group has-global-padding is-layout-constrained wp-block-group-is-layout-constrained\">\n<p>Granada, Calle Torre de Comares, tu\u017c za przystankiem <em>Nuevo Los C\u00e1rmenes<\/em>. W kierunku centrum odjecha\u0142 wagon nr 309. 19.11.2018<\/p>\n<\/div>\n","protected":false},"excerpt":{"rendered":"<p>Granada, Calle Torre de Comares, tu\u017c za przystankiem Nuevo Los C\u00e1rmenes. W kierunku centrum odjecha\u0142 wagon nr 309. 19.11.2018<\/p>\n","protected":false},"author":1,"featured_media":8174,"comment_status":"open","ping_status":"","sticky":false,"template":"","format":"standard","meta":{"footnotes":""},"categories":[156,3],"tags":[163,157,13,158,159,160,126,173,113,161],"class_list":["post-8173","post","type-post","status-publish","format-standard","has-post-thumbnail","hentry","category-rok-2018","category-tramwaj","tag-2018-11-19","tag-caf-urbos","tag-deszcz","tag-granada","tag-hiszpania","tag-hiszpania-2018","tag-jesien","tag-koncowki","tag-landszaft","tag-metro-de-granada"],"_links":{"self":[{"href":"http:\/\/wgphoto.pl\/t\/index.php?rest_route=\/wp\/v2\/posts\/8173","targetHints":{"allow":["GET"]}}],"collection":[{"href":"http:\/\/wgphoto.pl\/t\/index.php?rest_route=\/wp\/v2\/posts"}],"about":[{"href":"http:\/\/wgphoto.pl\/t\/index.php?rest_route=\/wp\/v2\/types\/post"}],"author":[{"embeddable":true,"href":"http:\/\/wgphoto.pl\/t\/index.php?rest_route=\/wp\/v2\/users\/1"}],"replies":[{"embeddable":true,"href":"http:\/\/wgphoto.pl\/t\/index.php?rest_route=%2Fwp%2Fv2%2Fcomments&post=8173"}],"version-history":[{"count":1,"href":"http:\/\/wgphoto.pl\/t\/index.php?rest_route=\/wp\/v2\/posts\/8173\/revisions"}],"predecessor-version":[{"id":8175,"href":"http:\/\/wgphoto.pl\/t\/index.php?rest_route=\/wp\/v2\/posts\/8173\/revisions\/8175"}],"wp:featuredmedia":[{"embeddable":true,"href":"http:\/\/wgphoto.pl\/t\/index.php?rest_route=\/wp\/v2\/media\/8174"}],"wp:attachment":[{"href":"http:\/\/wgphoto.pl\/t\/index.php?rest_route=%2Fwp%2Fv2%2Fmedia&parent=8173"}],"wp:term":[{"taxonomy":"category","embeddable":true,"href":"http:\/\/wgphoto.pl\/t\/index.php?rest_route=%2Fwp%2Fv2%2Fcategories&post=8173"},{"taxonomy":"post_tag","embeddable":true,"href":"http:\/\/wgphoto.pl\/t\/index.php?rest_route=%2Fwp%2Fv2%2Ftags&post=8173"}],"curies":[{"name":"wp","href":"https:\/\/api.w.org\/{rel}","templated":true}]}}