{"id":8176,"date":"2024-12-28T22:04:48","date_gmt":"2024-12-28T21:04:48","guid":{"rendered":"https:\/\/wgphoto.pl\/t\/?p=8176"},"modified":"2024-12-28T22:04:48","modified_gmt":"2024-12-28T21:04:48","slug":"zmiany","status":"publish","type":"post","link":"http:\/\/wgphoto.pl\/t\/?p=8176","title":{"rendered":"Zmiany"},"content":{"rendered":"\n<figure class=\"wp-block-image aligncenter size-full\"><img loading=\"lazy\" decoding=\"async\" width=\"1200\" height=\"900\" src=\"https:\/\/wgphoto.pl\/t\/wp-content\/uploads\/2024\/12\/IMGP6528.jpg\" alt=\"\" class=\"wp-image-8177\" srcset=\"http:\/\/wgphoto.pl\/t\/wp-content\/uploads\/2024\/12\/IMGP6528.jpg 1200w, http:\/\/wgphoto.pl\/t\/wp-content\/uploads\/2024\/12\/IMGP6528-300x225.jpg 300w, http:\/\/wgphoto.pl\/t\/wp-content\/uploads\/2024\/12\/IMGP6528-768x576.jpg 768w\" sizes=\"auto, (max-width: 1200px) 100vw, 1200px\" \/><\/figure>\n\n\n\n<div class=\"wp-block-group has-global-padding is-layout-constrained wp-block-group-is-layout-constrained\">\n<p>Wroc\u0142aw, ul. S\u0142owia\u0144ska, 105Na 2270+2271. Dzi\u015b widoczna kamienica nie straszy ju\u017c swoj\u0105 elewacj\u0105, tramwaj ju\u017c nie istnieje, a linia ok\u00f3lna jest zawieszona (zer\u00f3wk\u0119 od d\u0142ugiego ju\u017c czasu zast\u0119puje 70). 08.08.2014<\/p>\n<\/div>\n","protected":false},"excerpt":{"rendered":"<p>Wroc\u0142aw, ul. S\u0142owia\u0144ska, 105Na 2270+2271. Dzi\u015b widoczna kamienica nie straszy ju\u017c swoj\u0105 elewacj\u0105, tramwaj ju\u017c nie istnieje, a linia ok\u00f3lna jest zawieszona (zer\u00f3wk\u0119 od d\u0142ugiego ju\u017c czasu zast\u0119puje 70). 08.08.2014<\/p>\n","protected":false},"author":1,"featured_media":8177,"comment_status":"open","ping_status":"","sticky":false,"template":"","format":"standard","meta":{"footnotes":""},"categories":[48,3],"tags":[155,2696,34,42,70,27,41],"class_list":["post-8176","post","type-post","status-publish","format-standard","has-post-thumbnail","hentry","category-rok-2014","category-tramwaj","tag-105na","tag-2014-08-08","tag-architektura","tag-mpk-wroclaw","tag-nadodrze","tag-polska","tag-wroclaw"],"_links":{"self":[{"href":"http:\/\/wgphoto.pl\/t\/index.php?rest_route=\/wp\/v2\/posts\/8176","targetHints":{"allow":["GET"]}}],"collection":[{"href":"http:\/\/wgphoto.pl\/t\/index.php?rest_route=\/wp\/v2\/posts"}],"about":[{"href":"http:\/\/wgphoto.pl\/t\/index.php?rest_route=\/wp\/v2\/types\/post"}],"author":[{"embeddable":true,"href":"http:\/\/wgphoto.pl\/t\/index.php?rest_route=\/wp\/v2\/users\/1"}],"replies":[{"embeddable":true,"href":"http:\/\/wgphoto.pl\/t\/index.php?rest_route=%2Fwp%2Fv2%2Fcomments&post=8176"}],"version-history":[{"count":1,"href":"http:\/\/wgphoto.pl\/t\/index.php?rest_route=\/wp\/v2\/posts\/8176\/revisions"}],"predecessor-version":[{"id":8178,"href":"http:\/\/wgphoto.pl\/t\/index.php?rest_route=\/wp\/v2\/posts\/8176\/revisions\/8178"}],"wp:featuredmedia":[{"embeddable":true,"href":"http:\/\/wgphoto.pl\/t\/index.php?rest_route=\/wp\/v2\/media\/8177"}],"wp:attachment":[{"href":"http:\/\/wgphoto.pl\/t\/index.php?rest_route=%2Fwp%2Fv2%2Fmedia&parent=8176"}],"wp:term":[{"taxonomy":"category","embeddable":true,"href":"http:\/\/wgphoto.pl\/t\/index.php?rest_route=%2Fwp%2Fv2%2Fcategories&post=8176"},{"taxonomy":"post_tag","embeddable":true,"href":"http:\/\/wgphoto.pl\/t\/index.php?rest_route=%2Fwp%2Fv2%2Ftags&post=8176"}],"curies":[{"name":"wp","href":"https:\/\/api.w.org\/{rel}","templated":true}]}}