{"id":8182,"date":"2024-12-28T22:06:39","date_gmt":"2024-12-28T21:06:39","guid":{"rendered":"https:\/\/wgphoto.pl\/t\/?p=8182"},"modified":"2024-12-28T22:06:39","modified_gmt":"2024-12-28T21:06:39","slug":"2x-wroclaw-3","status":"publish","type":"post","link":"http:\/\/wgphoto.pl\/t\/?p=8182","title":{"rendered":"2x Wroc\u0142aw (3)"},"content":{"rendered":"\n<figure class=\"wp-block-image aligncenter size-full\"><img loading=\"lazy\" decoding=\"async\" width=\"1300\" height=\"870\" src=\"https:\/\/wgphoto.pl\/t\/wp-content\/uploads\/2024\/12\/IMGP5768.jpg\" alt=\"\" class=\"wp-image-8183\" srcset=\"http:\/\/wgphoto.pl\/t\/wp-content\/uploads\/2024\/12\/IMGP5768.jpg 1300w, http:\/\/wgphoto.pl\/t\/wp-content\/uploads\/2024\/12\/IMGP5768-300x201.jpg 300w, http:\/\/wgphoto.pl\/t\/wp-content\/uploads\/2024\/12\/IMGP5768-768x514.jpg 768w\" sizes=\"auto, (max-width: 1300px) 100vw, 1300px\" \/><\/figure>\n\n\n\n<div class=\"wp-block-group has-global-padding is-layout-constrained wp-block-group-is-layout-constrained\">\n<p>Czerwony nurek 750.285-9 z poci\u0105giem pospiesznym 253 relacji Praha-Sm\u00edchov &#8211; Wroc\u0142aw G\u0142\u00f3wny czeka na stacji Pot\u0161tejn na zwolnienie szlaku do stacji Litice nad Orlic\u00ed przez poci\u0105g pospieszny 252 z Wroc\u0142awia G\u0142. do Prahy hl.n., prowadzony granatow\u0105 maszyn\u0105 750.346-9. Wcze\u015bniejsze dwa zdj\u0119cia mijanek &#8222;wroc\u0142awi\u00f3w&#8221; w Pot\u0161tejnie znajdziecie klikaj\u0105c w tagi. 12.05.2009<\/p>\n<\/div>\n","protected":false},"excerpt":{"rendered":"<p>Czerwony nurek 750.285-9 z poci\u0105giem pospiesznym 253 relacji Praha-Sm\u00edchov &#8211; Wroc\u0142aw G\u0142\u00f3wny czeka na stacji Pot\u0161tejn na zwolnienie szlaku do stacji Litice nad Orlic\u00ed przez poci\u0105g pospieszny 252 z Wroc\u0142awia G\u0142. do Prahy hl.n., prowadzony granatow\u0105 maszyn\u0105 750.346-9. Wcze\u015bniejsze dwa zdj\u0119cia mijanek &#8222;wroc\u0142awi\u00f3w&#8221; w Pot\u0161tejnie znajdziecie klikaj\u0105c w tagi. 12.05.2009<\/p>\n","protected":false},"author":1,"featured_media":8183,"comment_status":"open","ping_status":"","sticky":false,"template":"","format":"standard","meta":{"footnotes":""},"categories":[2,169],"tags":[2700,1467,50,49,389,2699,1841],"class_list":["post-8182","post","type-post","status-publish","format-standard","has-post-thumbnail","hentry","category-kolej","category-rok-2009","tag-2009-05-12","tag-1467","tag-cd","tag-czechy","tag-mijanka","tag-potstejn","tag-tab-cz021"],"_links":{"self":[{"href":"http:\/\/wgphoto.pl\/t\/index.php?rest_route=\/wp\/v2\/posts\/8182","targetHints":{"allow":["GET"]}}],"collection":[{"href":"http:\/\/wgphoto.pl\/t\/index.php?rest_route=\/wp\/v2\/posts"}],"about":[{"href":"http:\/\/wgphoto.pl\/t\/index.php?rest_route=\/wp\/v2\/types\/post"}],"author":[{"embeddable":true,"href":"http:\/\/wgphoto.pl\/t\/index.php?rest_route=\/wp\/v2\/users\/1"}],"replies":[{"embeddable":true,"href":"http:\/\/wgphoto.pl\/t\/index.php?rest_route=%2Fwp%2Fv2%2Fcomments&post=8182"}],"version-history":[{"count":1,"href":"http:\/\/wgphoto.pl\/t\/index.php?rest_route=\/wp\/v2\/posts\/8182\/revisions"}],"predecessor-version":[{"id":8184,"href":"http:\/\/wgphoto.pl\/t\/index.php?rest_route=\/wp\/v2\/posts\/8182\/revisions\/8184"}],"wp:featuredmedia":[{"embeddable":true,"href":"http:\/\/wgphoto.pl\/t\/index.php?rest_route=\/wp\/v2\/media\/8183"}],"wp:attachment":[{"href":"http:\/\/wgphoto.pl\/t\/index.php?rest_route=%2Fwp%2Fv2%2Fmedia&parent=8182"}],"wp:term":[{"taxonomy":"category","embeddable":true,"href":"http:\/\/wgphoto.pl\/t\/index.php?rest_route=%2Fwp%2Fv2%2Fcategories&post=8182"},{"taxonomy":"post_tag","embeddable":true,"href":"http:\/\/wgphoto.pl\/t\/index.php?rest_route=%2Fwp%2Fv2%2Ftags&post=8182"}],"curies":[{"name":"wp","href":"https:\/\/api.w.org\/{rel}","templated":true}]}}