{"id":8235,"date":"2024-12-29T11:37:29","date_gmt":"2024-12-29T10:37:29","guid":{"rendered":"https:\/\/wgphoto.pl\/t\/?p=8235"},"modified":"2024-12-29T11:37:29","modified_gmt":"2024-12-29T10:37:29","slug":"gdy-rondo-reagana-bylo-placem-grunwaldzkim","status":"publish","type":"post","link":"http:\/\/wgphoto.pl\/t\/?p=8235","title":{"rendered":"Gdy rondo Reagana by\u0142o placem Grunwaldzkim"},"content":{"rendered":"\n<figure class=\"wp-block-image aligncenter size-full\"><img loading=\"lazy\" decoding=\"async\" width=\"750\" height=\"1000\" src=\"https:\/\/wgphoto.pl\/t\/wp-content\/uploads\/2024\/12\/0404-26.jpg\" alt=\"\" class=\"wp-image-8236\" srcset=\"http:\/\/wgphoto.pl\/t\/wp-content\/uploads\/2024\/12\/0404-26.jpg 750w, http:\/\/wgphoto.pl\/t\/wp-content\/uploads\/2024\/12\/0404-26-225x300.jpg 225w\" sizes=\"auto, (max-width: 750px) 100vw, 750px\" \/><\/figure>\n\n\n\n<div class=\"wp-block-group has-global-padding is-layout-constrained wp-block-group-is-layout-constrained\">\n<p>Wroc\u0142aw, pl. Grunwaldzki, 105Na 2270+2271 na obje\u017adzie dla linii 11, spowodowanym przebudow\u0105 pl. S\u0142owia\u0144skiego i ul. Jedno\u015bci Narodowej. 11.04.2004<\/p>\n<\/div>\n","protected":false},"excerpt":{"rendered":"<p>Wroc\u0142aw, pl. Grunwaldzki, 105Na 2270+2271 na obje\u017adzie dla linii 11, spowodowanym przebudow\u0105 pl. S\u0142owia\u0144skiego i ul. Jedno\u015bci Narodowej. 11.04.2004<\/p>\n","protected":false},"author":1,"featured_media":8236,"comment_status":"open","ping_status":"","sticky":false,"template":"","format":"standard","meta":{"footnotes":""},"categories":[62,128,61,3],"tags":[155,2718,42,27,41],"class_list":["post-8235","post","type-post","status-publish","format-standard","has-post-thumbnail","hentry","category-analog","category-pionowe","category-rok-2004","category-tramwaj","tag-105na","tag-2004-04-11","tag-mpk-wroclaw","tag-polska","tag-wroclaw"],"_links":{"self":[{"href":"http:\/\/wgphoto.pl\/t\/index.php?rest_route=\/wp\/v2\/posts\/8235","targetHints":{"allow":["GET"]}}],"collection":[{"href":"http:\/\/wgphoto.pl\/t\/index.php?rest_route=\/wp\/v2\/posts"}],"about":[{"href":"http:\/\/wgphoto.pl\/t\/index.php?rest_route=\/wp\/v2\/types\/post"}],"author":[{"embeddable":true,"href":"http:\/\/wgphoto.pl\/t\/index.php?rest_route=\/wp\/v2\/users\/1"}],"replies":[{"embeddable":true,"href":"http:\/\/wgphoto.pl\/t\/index.php?rest_route=%2Fwp%2Fv2%2Fcomments&post=8235"}],"version-history":[{"count":1,"href":"http:\/\/wgphoto.pl\/t\/index.php?rest_route=\/wp\/v2\/posts\/8235\/revisions"}],"predecessor-version":[{"id":8237,"href":"http:\/\/wgphoto.pl\/t\/index.php?rest_route=\/wp\/v2\/posts\/8235\/revisions\/8237"}],"wp:featuredmedia":[{"embeddable":true,"href":"http:\/\/wgphoto.pl\/t\/index.php?rest_route=\/wp\/v2\/media\/8236"}],"wp:attachment":[{"href":"http:\/\/wgphoto.pl\/t\/index.php?rest_route=%2Fwp%2Fv2%2Fmedia&parent=8235"}],"wp:term":[{"taxonomy":"category","embeddable":true,"href":"http:\/\/wgphoto.pl\/t\/index.php?rest_route=%2Fwp%2Fv2%2Fcategories&post=8235"},{"taxonomy":"post_tag","embeddable":true,"href":"http:\/\/wgphoto.pl\/t\/index.php?rest_route=%2Fwp%2Fv2%2Ftags&post=8235"}],"curies":[{"name":"wp","href":"https:\/\/api.w.org\/{rel}","templated":true}]}}