{"id":8238,"date":"2024-12-29T11:38:59","date_gmt":"2024-12-29T10:38:59","guid":{"rendered":"https:\/\/wgphoto.pl\/t\/?p=8238"},"modified":"2024-12-29T11:38:59","modified_gmt":"2024-12-29T10:38:59","slug":"marchewka","status":"publish","type":"post","link":"http:\/\/wgphoto.pl\/t\/?p=8238","title":{"rendered":"Marchewka"},"content":{"rendered":"\n<figure class=\"wp-block-image aligncenter size-full\"><img loading=\"lazy\" decoding=\"async\" width=\"1300\" height=\"861\" src=\"https:\/\/wgphoto.pl\/t\/wp-content\/uploads\/2024\/12\/IMGP0467.jpg\" alt=\"\" class=\"wp-image-8239\" srcset=\"http:\/\/wgphoto.pl\/t\/wp-content\/uploads\/2024\/12\/IMGP0467.jpg 1300w, http:\/\/wgphoto.pl\/t\/wp-content\/uploads\/2024\/12\/IMGP0467-300x199.jpg 300w, http:\/\/wgphoto.pl\/t\/wp-content\/uploads\/2024\/12\/IMGP0467-768x509.jpg 768w\" sizes=\"auto, (max-width: 1300px) 100vw, 1300px\" \/><\/figure>\n\n\n\n<div class=\"wp-block-group has-global-padding is-layout-constrained wp-block-group-is-layout-constrained\">\n<p>Jednostka 628.214 o przezwisku jak w tytule za jaki\u015b czas odjedzie w kolejny pospieszny kurs do Mostu, a konkretniej, o ile pami\u0119tam, do stacji \u017dihle, gdy\u017c dalej by\u0142o zamkni\u0119cie torowe. 21.09.2020<\/p>\n<\/div>\n","protected":false},"excerpt":{"rendered":"<p>Jednostka 628.214 o przezwisku jak w tytule za jaki\u015b czas odjedzie w kolejny pospieszny kurs do Mostu, a konkretniej, o ile pami\u0119tam, do stacji \u017dihle, gdy\u017c dalej by\u0142o zamkni\u0119cie torowe. 21.09.2020<\/p>\n","protected":false},"author":1,"featured_media":8239,"comment_status":"open","ping_status":"","sticky":false,"template":"","format":"standard","meta":{"footnotes":""},"categories":[2,676],"tags":[2356,1450,49,2003,933,1675,1745,1767,2401,90],"class_list":["post-8238","post","type-post","status-publish","format-standard","has-post-thumbnail","hentry","category-kolej","category-rok-2020","tag-2020-09-21","tag-1450","tag-czechy","tag-czeskie-wakacje-2020","tag-gwtr","tag-pilzno","tag-plzen-hlavni-nadrazi","tag-porownania","tag-tab-cz160","tag-wieczorem"],"_links":{"self":[{"href":"http:\/\/wgphoto.pl\/t\/index.php?rest_route=\/wp\/v2\/posts\/8238","targetHints":{"allow":["GET"]}}],"collection":[{"href":"http:\/\/wgphoto.pl\/t\/index.php?rest_route=\/wp\/v2\/posts"}],"about":[{"href":"http:\/\/wgphoto.pl\/t\/index.php?rest_route=\/wp\/v2\/types\/post"}],"author":[{"embeddable":true,"href":"http:\/\/wgphoto.pl\/t\/index.php?rest_route=\/wp\/v2\/users\/1"}],"replies":[{"embeddable":true,"href":"http:\/\/wgphoto.pl\/t\/index.php?rest_route=%2Fwp%2Fv2%2Fcomments&post=8238"}],"version-history":[{"count":1,"href":"http:\/\/wgphoto.pl\/t\/index.php?rest_route=\/wp\/v2\/posts\/8238\/revisions"}],"predecessor-version":[{"id":8240,"href":"http:\/\/wgphoto.pl\/t\/index.php?rest_route=\/wp\/v2\/posts\/8238\/revisions\/8240"}],"wp:featuredmedia":[{"embeddable":true,"href":"http:\/\/wgphoto.pl\/t\/index.php?rest_route=\/wp\/v2\/media\/8239"}],"wp:attachment":[{"href":"http:\/\/wgphoto.pl\/t\/index.php?rest_route=%2Fwp%2Fv2%2Fmedia&parent=8238"}],"wp:term":[{"taxonomy":"category","embeddable":true,"href":"http:\/\/wgphoto.pl\/t\/index.php?rest_route=%2Fwp%2Fv2%2Fcategories&post=8238"},{"taxonomy":"post_tag","embeddable":true,"href":"http:\/\/wgphoto.pl\/t\/index.php?rest_route=%2Fwp%2Fv2%2Ftags&post=8238"}],"curies":[{"name":"wp","href":"https:\/\/api.w.org\/{rel}","templated":true}]}}