{"id":8266,"date":"2024-12-29T12:06:22","date_gmt":"2024-12-29T11:06:22","guid":{"rendered":"https:\/\/wgphoto.pl\/t\/?p=8266"},"modified":"2025-07-06T14:22:35","modified_gmt":"2025-07-06T12:22:35","slug":"czekajac-na-tgv","status":"publish","type":"post","link":"http:\/\/wgphoto.pl\/t\/?p=8266","title":{"rendered":"Czekaj\u0105c na TGV"},"content":{"rendered":"\n<figure class=\"wp-block-image aligncenter size-full\"><img loading=\"lazy\" decoding=\"async\" width=\"1300\" height=\"861\" src=\"https:\/\/wgphoto.pl\/t\/wp-content\/uploads\/2024\/12\/IMGP7739.jpg\" alt=\"\" class=\"wp-image-8267\" srcset=\"http:\/\/wgphoto.pl\/t\/wp-content\/uploads\/2024\/12\/IMGP7739.jpg 1300w, http:\/\/wgphoto.pl\/t\/wp-content\/uploads\/2024\/12\/IMGP7739-300x199.jpg 300w, http:\/\/wgphoto.pl\/t\/wp-content\/uploads\/2024\/12\/IMGP7739-768x509.jpg 768w\" sizes=\"auto, (max-width: 1300px) 100vw, 1300px\" \/><\/figure>\n\n\n\n<div class=\"wp-block-group has-global-padding is-layout-constrained wp-block-group-is-layout-constrained\">\n<p>Bli\u017cej nieokre\u015blony poci\u0105g, na ko\u0144cu kt\u00f3rego stoi lokomotywa 522391, za par\u0119 minut odjedzie z dworca w Dijon. A ja wsi\u0105d\u0119, pierwszy i jak dotychczas jedyny raz, w sk\u0142ad TGV, kt\u00f3ry z pr\u0119dko\u015bci\u0105, o ile pami\u0119tam, 320 km\/h, zawiezie mnie do Miluzy &#8211; z tej cz\u0119\u015bci wycieczki nie mam jednak \u017cadnych zdj\u0119\u0107. 23.03.2018<\/p>\n<\/div>\n","protected":false},"excerpt":{"rendered":"<p>Bli\u017cej nieokre\u015blony poci\u0105g, na ko\u0144cu kt\u00f3rego stoi lokomotywa 522391, za par\u0119 minut odjedzie z dworca w Dijon. A ja wsi\u0105d\u0119, pierwszy i jak dotychczas jedyny raz, w sk\u0142ad TGV, kt\u00f3ry z pr\u0119dko\u015bci\u0105, o ile pami\u0119tam, 320 km\/h, zawiezie mnie do Miluzy &#8211; z tej cz\u0119\u015bci wycieczki nie mam jednak \u017cadnych zdj\u0119\u0107. 23.03.2018<\/p>\n","protected":false},"author":1,"featured_media":8267,"comment_status":"open","ping_status":"","sticky":false,"template":"","format":"standard","meta":{"footnotes":""},"categories":[2,156],"tags":[1509,91,4215,2725,415,173,24,1764,183,90],"class_list":["post-8266","post","type-post","status-publish","format-standard","has-post-thumbnail","hentry","category-kolej","category-rok-2018","tag-2018-03-23","tag-blue-hour","tag-brizita","tag-dijon","tag-francja","tag-koncowki","tag-perony","tag-sncf","tag-suissetrip-2018","tag-wieczorem"],"_links":{"self":[{"href":"http:\/\/wgphoto.pl\/t\/index.php?rest_route=\/wp\/v2\/posts\/8266","targetHints":{"allow":["GET"]}}],"collection":[{"href":"http:\/\/wgphoto.pl\/t\/index.php?rest_route=\/wp\/v2\/posts"}],"about":[{"href":"http:\/\/wgphoto.pl\/t\/index.php?rest_route=\/wp\/v2\/types\/post"}],"author":[{"embeddable":true,"href":"http:\/\/wgphoto.pl\/t\/index.php?rest_route=\/wp\/v2\/users\/1"}],"replies":[{"embeddable":true,"href":"http:\/\/wgphoto.pl\/t\/index.php?rest_route=%2Fwp%2Fv2%2Fcomments&post=8266"}],"version-history":[{"count":2,"href":"http:\/\/wgphoto.pl\/t\/index.php?rest_route=\/wp\/v2\/posts\/8266\/revisions"}],"predecessor-version":[{"id":12243,"href":"http:\/\/wgphoto.pl\/t\/index.php?rest_route=\/wp\/v2\/posts\/8266\/revisions\/12243"}],"wp:featuredmedia":[{"embeddable":true,"href":"http:\/\/wgphoto.pl\/t\/index.php?rest_route=\/wp\/v2\/media\/8267"}],"wp:attachment":[{"href":"http:\/\/wgphoto.pl\/t\/index.php?rest_route=%2Fwp%2Fv2%2Fmedia&parent=8266"}],"wp:term":[{"taxonomy":"category","embeddable":true,"href":"http:\/\/wgphoto.pl\/t\/index.php?rest_route=%2Fwp%2Fv2%2Fcategories&post=8266"},{"taxonomy":"post_tag","embeddable":true,"href":"http:\/\/wgphoto.pl\/t\/index.php?rest_route=%2Fwp%2Fv2%2Ftags&post=8266"}],"curies":[{"name":"wp","href":"https:\/\/api.w.org\/{rel}","templated":true}]}}