{"id":8275,"date":"2024-12-29T13:09:53","date_gmt":"2024-12-29T12:09:53","guid":{"rendered":"https:\/\/wgphoto.pl\/t\/?p=8275"},"modified":"2024-12-29T13:09:53","modified_gmt":"2024-12-29T12:09:53","slug":"w-dzien-goracego-lata","status":"publish","type":"post","link":"http:\/\/wgphoto.pl\/t\/?p=8275","title":{"rendered":"W dzie\u0144 gor\u0105cego lata"},"content":{"rendered":"\n<figure class=\"wp-block-image aligncenter size-full\"><img loading=\"lazy\" decoding=\"async\" width=\"1200\" height=\"900\" src=\"https:\/\/wgphoto.pl\/t\/wp-content\/uploads\/2024\/12\/2002t-07.jpg\" alt=\"\" class=\"wp-image-8276\" srcset=\"http:\/\/wgphoto.pl\/t\/wp-content\/uploads\/2024\/12\/2002t-07.jpg 1200w, http:\/\/wgphoto.pl\/t\/wp-content\/uploads\/2024\/12\/2002t-07-300x225.jpg 300w, http:\/\/wgphoto.pl\/t\/wp-content\/uploads\/2024\/12\/2002t-07-768x576.jpg 768w\" sizes=\"auto, (max-width: 1200px) 100vw, 1200px\" \/><\/figure>\n\n\n\n<div class=\"wp-block-group has-global-padding is-layout-constrained wp-block-group-is-layout-constrained\">\n<p>EU07-012 z tr\u00f3jsekcyjn\u0105 bip\u0105 i jedynk\u0105 na haku, stanowi\u0105cymi sk\u0142ad poci\u0105gu osobowego 76836 relacji Krotoszyn &#8211; Olesnica, pokonuje odcinek Rakoniewice Milickie &#8211; Milicz. 17.08.2002<\/p>\n<\/div>\n","protected":false},"excerpt":{"rendered":"<p>EU07-012 z tr\u00f3jsekcyjn\u0105 bip\u0105 i jedynk\u0105 na haku, stanowi\u0105cymi sk\u0142ad poci\u0105gu osobowego 76836 relacji Krotoszyn &#8211; Olesnica, pokonuje odcinek Rakoniewice Milickie &#8211; Milicz. 17.08.2002<\/p>\n","protected":false},"author":1,"featured_media":8276,"comment_status":"open","ping_status":"","sticky":false,"template":"","format":"standard","meta":{"footnotes":""},"categories":[62,2,577],"tags":[2729,288,122,2727,63,2728,246],"class_list":["post-8275","post","type-post","status-publish","format-standard","has-post-thumbnail","hentry","category-analog","category-kolej","category-rok-2002","tag-2002-08-17","tag-bipa","tag-eu07","tag-milicz","tag-pkp","tag-rakoniewice-milickie","tag-tab-pl200"],"_links":{"self":[{"href":"http:\/\/wgphoto.pl\/t\/index.php?rest_route=\/wp\/v2\/posts\/8275","targetHints":{"allow":["GET"]}}],"collection":[{"href":"http:\/\/wgphoto.pl\/t\/index.php?rest_route=\/wp\/v2\/posts"}],"about":[{"href":"http:\/\/wgphoto.pl\/t\/index.php?rest_route=\/wp\/v2\/types\/post"}],"author":[{"embeddable":true,"href":"http:\/\/wgphoto.pl\/t\/index.php?rest_route=\/wp\/v2\/users\/1"}],"replies":[{"embeddable":true,"href":"http:\/\/wgphoto.pl\/t\/index.php?rest_route=%2Fwp%2Fv2%2Fcomments&post=8275"}],"version-history":[{"count":1,"href":"http:\/\/wgphoto.pl\/t\/index.php?rest_route=\/wp\/v2\/posts\/8275\/revisions"}],"predecessor-version":[{"id":8277,"href":"http:\/\/wgphoto.pl\/t\/index.php?rest_route=\/wp\/v2\/posts\/8275\/revisions\/8277"}],"wp:featuredmedia":[{"embeddable":true,"href":"http:\/\/wgphoto.pl\/t\/index.php?rest_route=\/wp\/v2\/media\/8276"}],"wp:attachment":[{"href":"http:\/\/wgphoto.pl\/t\/index.php?rest_route=%2Fwp%2Fv2%2Fmedia&parent=8275"}],"wp:term":[{"taxonomy":"category","embeddable":true,"href":"http:\/\/wgphoto.pl\/t\/index.php?rest_route=%2Fwp%2Fv2%2Fcategories&post=8275"},{"taxonomy":"post_tag","embeddable":true,"href":"http:\/\/wgphoto.pl\/t\/index.php?rest_route=%2Fwp%2Fv2%2Ftags&post=8275"}],"curies":[{"name":"wp","href":"https:\/\/api.w.org\/{rel}","templated":true}]}}