{"id":8281,"date":"2024-12-29T13:12:05","date_gmt":"2024-12-29T12:12:05","guid":{"rendered":"https:\/\/wgphoto.pl\/t\/?p=8281"},"modified":"2024-12-29T13:12:05","modified_gmt":"2024-12-29T12:12:05","slug":"o-rozczarowaniu","status":"publish","type":"post","link":"http:\/\/wgphoto.pl\/t\/?p=8281","title":{"rendered":"O rozczarowaniu"},"content":{"rendered":"\n<figure class=\"wp-block-image aligncenter size-full\"><img loading=\"lazy\" decoding=\"async\" width=\"1300\" height=\"870\" src=\"https:\/\/wgphoto.pl\/t\/wp-content\/uploads\/2024\/12\/IMGP6409.jpg\" alt=\"\" class=\"wp-image-8283\" srcset=\"http:\/\/wgphoto.pl\/t\/wp-content\/uploads\/2024\/12\/IMGP6409.jpg 1300w, http:\/\/wgphoto.pl\/t\/wp-content\/uploads\/2024\/12\/IMGP6409-300x201.jpg 300w, http:\/\/wgphoto.pl\/t\/wp-content\/uploads\/2024\/12\/IMGP6409-768x514.jpg 768w\" sizes=\"auto, (max-width: 1300px) 100vw, 1300px\" \/><\/figure>\n\n\n\n<div class=\"wp-block-group has-global-padding is-layout-constrained wp-block-group-is-layout-constrained\">\n<p>To najbardziej lipny &#8222;koniec \u015bwiata&#8221;, na kt\u00f3ry trafi\u0142em. Stacja, a raczej przystanek, Nov\u00e9 \u00dadol\u00ed znajduje si\u0119 tu\u017c przy granicy czesko-niemieckiej, na terenie parku narodowego Szumawa. Mo\u017cna na to spojrze\u0107 z drugiej strony: na &#8222;ko\u0144cu \u015bwiata&#8221;, rozumianym tym razem dos\u0142ownie, cywilizacji spodziewa\u0107 si\u0119 przecie\u017c nie mo\u017cna. No i z trzeciej: w parku narodowym z pewno\u015bci\u0105 jest pi\u0119knie. Niestety kilkuminutowy post\u00f3j op\u00f3\u017anionego poci\u0105gu z Czeskich Budziejowic (na ko\u0144cu zapi\u0119ty by\u0142 motorak 809.179-5) nie pozwoli\u0142 mi nawet na pobie\u017cne zapoznanie si\u0119 z okolic\u0105. W ka\u017cdym razie moje rozczarowanie spowodowane straceniem po\u0142owy dnia na zrobienie jednego zdj\u0119cia sze\u015bciu motorak\u00f3w przy nowoczesnym peronie po\u0142o\u017conym po\u015brodku niczego by\u0142o ogromne.<em> <\/em>25.08.2010<\/p>\n<\/div>\n","protected":false},"excerpt":{"rendered":"<p>To najbardziej lipny &#8222;koniec \u015bwiata&#8221;, na kt\u00f3ry trafi\u0142em. Stacja, a raczej przystanek, Nov\u00e9 \u00dadol\u00ed znajduje si\u0119 tu\u017c przy granicy czesko-niemieckiej, na terenie parku narodowego Szumawa. Mo\u017cna na to spojrze\u0107 z drugiej strony: na &#8222;ko\u0144cu \u015bwiata&#8221;, rozumianym tym razem dos\u0142ownie, cywilizacji spodziewa\u0107 si\u0119 przecie\u017c nie mo\u017cna. No i z trzeciej: w parku narodowym z pewno\u015bci\u0105 jest [&hellip;]<\/p>\n","protected":false},"author":1,"featured_media":8283,"comment_status":"open","ping_status":"","sticky":false,"template":"","format":"standard","meta":{"footnotes":""},"categories":[2,86],"tags":[308,1229,50,49,151,94,2731,1697],"class_list":["post-8281","post","type-post","status-publish","format-standard","has-post-thumbnail","hentry","category-kolej","category-rok-2010","tag-2010-08-25","tag-1229","tag-cd","tag-czechy","tag-ludzie","tag-na-kolejowym-koncu-swiata","tag-nove-udoli","tag-tab-cz194"],"_links":{"self":[{"href":"http:\/\/wgphoto.pl\/t\/index.php?rest_route=\/wp\/v2\/posts\/8281","targetHints":{"allow":["GET"]}}],"collection":[{"href":"http:\/\/wgphoto.pl\/t\/index.php?rest_route=\/wp\/v2\/posts"}],"about":[{"href":"http:\/\/wgphoto.pl\/t\/index.php?rest_route=\/wp\/v2\/types\/post"}],"author":[{"embeddable":true,"href":"http:\/\/wgphoto.pl\/t\/index.php?rest_route=\/wp\/v2\/users\/1"}],"replies":[{"embeddable":true,"href":"http:\/\/wgphoto.pl\/t\/index.php?rest_route=%2Fwp%2Fv2%2Fcomments&post=8281"}],"version-history":[{"count":1,"href":"http:\/\/wgphoto.pl\/t\/index.php?rest_route=\/wp\/v2\/posts\/8281\/revisions"}],"predecessor-version":[{"id":8284,"href":"http:\/\/wgphoto.pl\/t\/index.php?rest_route=\/wp\/v2\/posts\/8281\/revisions\/8284"}],"wp:featuredmedia":[{"embeddable":true,"href":"http:\/\/wgphoto.pl\/t\/index.php?rest_route=\/wp\/v2\/media\/8283"}],"wp:attachment":[{"href":"http:\/\/wgphoto.pl\/t\/index.php?rest_route=%2Fwp%2Fv2%2Fmedia&parent=8281"}],"wp:term":[{"taxonomy":"category","embeddable":true,"href":"http:\/\/wgphoto.pl\/t\/index.php?rest_route=%2Fwp%2Fv2%2Fcategories&post=8281"},{"taxonomy":"post_tag","embeddable":true,"href":"http:\/\/wgphoto.pl\/t\/index.php?rest_route=%2Fwp%2Fv2%2Ftags&post=8281"}],"curies":[{"name":"wp","href":"https:\/\/api.w.org\/{rel}","templated":true}]}}