{"id":8300,"date":"2024-12-30T15:29:37","date_gmt":"2024-12-30T14:29:37","guid":{"rendered":"https:\/\/wgphoto.pl\/t\/?p=8300"},"modified":"2024-12-30T15:29:37","modified_gmt":"2024-12-30T14:29:37","slug":"szczecinski-slupek","status":"publish","type":"post","link":"http:\/\/wgphoto.pl\/t\/?p=8300","title":{"rendered":"Szczeci\u0144ski s\u0142upek"},"content":{"rendered":"\n<figure class=\"wp-block-image aligncenter size-full\"><img loading=\"lazy\" decoding=\"async\" width=\"1300\" height=\"862\" src=\"https:\/\/wgphoto.pl\/t\/wp-content\/uploads\/2024\/12\/0325-32.jpg\" alt=\"\" class=\"wp-image-8301\" srcset=\"http:\/\/wgphoto.pl\/t\/wp-content\/uploads\/2024\/12\/0325-32.jpg 1300w, http:\/\/wgphoto.pl\/t\/wp-content\/uploads\/2024\/12\/0325-32-300x199.jpg 300w, http:\/\/wgphoto.pl\/t\/wp-content\/uploads\/2024\/12\/0325-32-768x509.jpg 768w\" sizes=\"auto, (max-width: 1300px) 100vw, 1300px\" \/><\/figure>\n\n\n\n<div class=\"wp-block-group has-global-padding is-layout-constrained wp-block-group-is-layout-constrained\">\n<p>Szczecin, al. Powsta\u0144c\u00f3w Wielkopolskich, 102Na 628. Mia\u0142em swego czasu faz\u0119 na zdj\u0119cia ze s\u0142upkami przystankowymi &#8211; aby pokaza\u0107, \u017ce w ka\u017cdym mie\u015bcie s\u0105 inne. 24.07.2003<\/p>\n<\/div>\n","protected":false},"excerpt":{"rendered":"<p>Szczecin, al. Powsta\u0144c\u00f3w Wielkopolskich, 102Na 628. Mia\u0142em swego czasu faz\u0119 na zdj\u0119cia ze s\u0142upkami przystankowymi &#8211; aby pokaza\u0107, \u017ce w ka\u017cdym mie\u015bcie s\u0105 inne. 24.07.2003<\/p>\n","protected":false},"author":1,"featured_media":8301,"comment_status":"open","ping_status":"","sticky":false,"template":"","format":"standard","meta":{"footnotes":""},"categories":[62,149,3],"tags":[1627,230,309,740,27,219,301],"class_list":["post-8300","post","type-post","status-publish","format-standard","has-post-thumbnail","hentry","category-analog","category-rok-2003","category-tramwaj","tag-2003-07-24","tag-infrastruktura","tag-konstal-102na","tag-mzk-szczecin","tag-polska","tag-przystanek","tag-szczecin"],"_links":{"self":[{"href":"http:\/\/wgphoto.pl\/t\/index.php?rest_route=\/wp\/v2\/posts\/8300","targetHints":{"allow":["GET"]}}],"collection":[{"href":"http:\/\/wgphoto.pl\/t\/index.php?rest_route=\/wp\/v2\/posts"}],"about":[{"href":"http:\/\/wgphoto.pl\/t\/index.php?rest_route=\/wp\/v2\/types\/post"}],"author":[{"embeddable":true,"href":"http:\/\/wgphoto.pl\/t\/index.php?rest_route=\/wp\/v2\/users\/1"}],"replies":[{"embeddable":true,"href":"http:\/\/wgphoto.pl\/t\/index.php?rest_route=%2Fwp%2Fv2%2Fcomments&post=8300"}],"version-history":[{"count":1,"href":"http:\/\/wgphoto.pl\/t\/index.php?rest_route=\/wp\/v2\/posts\/8300\/revisions"}],"predecessor-version":[{"id":8302,"href":"http:\/\/wgphoto.pl\/t\/index.php?rest_route=\/wp\/v2\/posts\/8300\/revisions\/8302"}],"wp:featuredmedia":[{"embeddable":true,"href":"http:\/\/wgphoto.pl\/t\/index.php?rest_route=\/wp\/v2\/media\/8301"}],"wp:attachment":[{"href":"http:\/\/wgphoto.pl\/t\/index.php?rest_route=%2Fwp%2Fv2%2Fmedia&parent=8300"}],"wp:term":[{"taxonomy":"category","embeddable":true,"href":"http:\/\/wgphoto.pl\/t\/index.php?rest_route=%2Fwp%2Fv2%2Fcategories&post=8300"},{"taxonomy":"post_tag","embeddable":true,"href":"http:\/\/wgphoto.pl\/t\/index.php?rest_route=%2Fwp%2Fv2%2Ftags&post=8300"}],"curies":[{"name":"wp","href":"https:\/\/api.w.org\/{rel}","templated":true}]}}