{"id":8303,"date":"2024-12-30T15:30:38","date_gmt":"2024-12-30T14:30:38","guid":{"rendered":"https:\/\/wgphoto.pl\/t\/?p=8303"},"modified":"2024-12-30T15:30:38","modified_gmt":"2024-12-30T14:30:38","slug":"mijanka-w-grupie","status":"publish","type":"post","link":"http:\/\/wgphoto.pl\/t\/?p=8303","title":{"rendered":"Mijanka w Grupie"},"content":{"rendered":"\n<figure class=\"wp-block-image aligncenter size-full\"><img loading=\"lazy\" decoding=\"async\" width=\"1300\" height=\"862\" src=\"https:\/\/wgphoto.pl\/t\/wp-content\/uploads\/2024\/12\/0519-20.jpg\" alt=\"\" class=\"wp-image-8304\" srcset=\"http:\/\/wgphoto.pl\/t\/wp-content\/uploads\/2024\/12\/0519-20.jpg 1300w, http:\/\/wgphoto.pl\/t\/wp-content\/uploads\/2024\/12\/0519-20-300x199.jpg 300w, http:\/\/wgphoto.pl\/t\/wp-content\/uploads\/2024\/12\/0519-20-768x509.jpg 768w\" sizes=\"auto, (max-width: 1300px) 100vw, 1300px\" \/><\/figure>\n\n\n\n<div class=\"wp-block-group has-global-padding is-layout-constrained wp-block-group-is-layout-constrained\">\n<p>SP42-230 z poci\u0105giem osobowym 3327 relacji Grudzi\u0105dz &#8211; Czersk (przez Osie) i SA106-002 jako poci\u0105g osobowy 1942 z Laskowic Pomorskich do Grudzi\u0105dza mijaj\u0105 si\u0119 na stacji w Grupie. 27.07.2005<\/p>\n<\/div>\n","protected":false},"excerpt":{"rendered":"<p>SP42-230 z poci\u0105giem osobowym 3327 relacji Grudzi\u0105dz &#8211; Czersk (przez Osie) i SA106-002 jako poci\u0105g osobowy 1942 z Laskowic Pomorskich do Grudzi\u0105dza mijaj\u0105 si\u0119 na stacji w Grupie. 27.07.2005<\/p>\n","protected":false},"author":1,"featured_media":8304,"comment_status":"open","ping_status":"","sticky":false,"template":"","format":"standard","meta":{"footnotes":""},"categories":[62,2,311],"tags":[1002,792,63,27,2735,316,793],"class_list":["post-8303","post","type-post","status-publish","format-standard","has-post-thumbnail","hentry","category-analog","category-kolej","category-rok-2005","tag-2005-07-27","tag-grupa","tag-pkp","tag-polska","tag-sa106","tag-sp42","tag-tab-pl431"],"_links":{"self":[{"href":"http:\/\/wgphoto.pl\/t\/index.php?rest_route=\/wp\/v2\/posts\/8303","targetHints":{"allow":["GET"]}}],"collection":[{"href":"http:\/\/wgphoto.pl\/t\/index.php?rest_route=\/wp\/v2\/posts"}],"about":[{"href":"http:\/\/wgphoto.pl\/t\/index.php?rest_route=\/wp\/v2\/types\/post"}],"author":[{"embeddable":true,"href":"http:\/\/wgphoto.pl\/t\/index.php?rest_route=\/wp\/v2\/users\/1"}],"replies":[{"embeddable":true,"href":"http:\/\/wgphoto.pl\/t\/index.php?rest_route=%2Fwp%2Fv2%2Fcomments&post=8303"}],"version-history":[{"count":1,"href":"http:\/\/wgphoto.pl\/t\/index.php?rest_route=\/wp\/v2\/posts\/8303\/revisions"}],"predecessor-version":[{"id":8305,"href":"http:\/\/wgphoto.pl\/t\/index.php?rest_route=\/wp\/v2\/posts\/8303\/revisions\/8305"}],"wp:featuredmedia":[{"embeddable":true,"href":"http:\/\/wgphoto.pl\/t\/index.php?rest_route=\/wp\/v2\/media\/8304"}],"wp:attachment":[{"href":"http:\/\/wgphoto.pl\/t\/index.php?rest_route=%2Fwp%2Fv2%2Fmedia&parent=8303"}],"wp:term":[{"taxonomy":"category","embeddable":true,"href":"http:\/\/wgphoto.pl\/t\/index.php?rest_route=%2Fwp%2Fv2%2Fcategories&post=8303"},{"taxonomy":"post_tag","embeddable":true,"href":"http:\/\/wgphoto.pl\/t\/index.php?rest_route=%2Fwp%2Fv2%2Ftags&post=8303"}],"curies":[{"name":"wp","href":"https:\/\/api.w.org\/{rel}","templated":true}]}}