{"id":8328,"date":"2024-12-30T15:38:55","date_gmt":"2024-12-30T14:38:55","guid":{"rendered":"https:\/\/wgphoto.pl\/t\/?p=8328"},"modified":"2024-12-30T15:38:55","modified_gmt":"2024-12-30T14:38:55","slug":"13-lat-pozniej","status":"publish","type":"post","link":"http:\/\/wgphoto.pl\/t\/?p=8328","title":{"rendered":"13 lat p\u00f3\u017aniej"},"content":{"rendered":"\n<figure class=\"wp-block-image aligncenter size-full\"><img loading=\"lazy\" decoding=\"async\" width=\"1300\" height=\"861\" src=\"https:\/\/wgphoto.pl\/t\/wp-content\/uploads\/2024\/12\/IMGP8475.jpg\" alt=\"\" class=\"wp-image-8329\" srcset=\"http:\/\/wgphoto.pl\/t\/wp-content\/uploads\/2024\/12\/IMGP8475.jpg 1300w, http:\/\/wgphoto.pl\/t\/wp-content\/uploads\/2024\/12\/IMGP8475-300x199.jpg 300w, http:\/\/wgphoto.pl\/t\/wp-content\/uploads\/2024\/12\/IMGP8475-768x509.jpg 768w\" sizes=\"auto, (max-width: 1300px) 100vw, 1300px\" \/><\/figure>\n\n\n\n<div class=\"wp-block-group has-global-padding is-layout-constrained wp-block-group-is-layout-constrained\">\n<p>Sk\u0142ad 105NF S nr 685+686 wje\u017cd\u017ca na p\u0119tl\u0119 w zabrza\u0144skich Makoszowach. 23.06.2020<\/p>\n<\/div>\n","protected":false},"excerpt":{"rendered":"<p>Sk\u0142ad 105NF S nr 685+686 wje\u017cd\u017ca na p\u0119tl\u0119 w zabrza\u0144skich Makoszowach. 23.06.2020<\/p>\n","protected":false},"author":1,"featured_media":8329,"comment_status":"open","ping_status":"","sticky":false,"template":"","format":"standard","meta":{"footnotes":""},"categories":[676,3],"tags":[155,1893,277,303,546,27,1767,279,1021],"class_list":["post-8328","post","type-post","status-publish","format-standard","has-post-thumbnail","hentry","category-rok-2020","category-tramwaj","tag-105na","tag-2020-06-23","tag-gop","tag-industrial","tag-moderus-alfa","tag-polska","tag-porownania","tag-tramwaje-slaskie","tag-zabrze"],"_links":{"self":[{"href":"http:\/\/wgphoto.pl\/t\/index.php?rest_route=\/wp\/v2\/posts\/8328","targetHints":{"allow":["GET"]}}],"collection":[{"href":"http:\/\/wgphoto.pl\/t\/index.php?rest_route=\/wp\/v2\/posts"}],"about":[{"href":"http:\/\/wgphoto.pl\/t\/index.php?rest_route=\/wp\/v2\/types\/post"}],"author":[{"embeddable":true,"href":"http:\/\/wgphoto.pl\/t\/index.php?rest_route=\/wp\/v2\/users\/1"}],"replies":[{"embeddable":true,"href":"http:\/\/wgphoto.pl\/t\/index.php?rest_route=%2Fwp%2Fv2%2Fcomments&post=8328"}],"version-history":[{"count":1,"href":"http:\/\/wgphoto.pl\/t\/index.php?rest_route=\/wp\/v2\/posts\/8328\/revisions"}],"predecessor-version":[{"id":8330,"href":"http:\/\/wgphoto.pl\/t\/index.php?rest_route=\/wp\/v2\/posts\/8328\/revisions\/8330"}],"wp:featuredmedia":[{"embeddable":true,"href":"http:\/\/wgphoto.pl\/t\/index.php?rest_route=\/wp\/v2\/media\/8329"}],"wp:attachment":[{"href":"http:\/\/wgphoto.pl\/t\/index.php?rest_route=%2Fwp%2Fv2%2Fmedia&parent=8328"}],"wp:term":[{"taxonomy":"category","embeddable":true,"href":"http:\/\/wgphoto.pl\/t\/index.php?rest_route=%2Fwp%2Fv2%2Fcategories&post=8328"},{"taxonomy":"post_tag","embeddable":true,"href":"http:\/\/wgphoto.pl\/t\/index.php?rest_route=%2Fwp%2Fv2%2Ftags&post=8328"}],"curies":[{"name":"wp","href":"https:\/\/api.w.org\/{rel}","templated":true}]}}