{"id":8331,"date":"2024-12-30T15:40:05","date_gmt":"2024-12-30T14:40:05","guid":{"rendered":"https:\/\/wgphoto.pl\/t\/?p=8331"},"modified":"2024-12-30T15:40:05","modified_gmt":"2024-12-30T14:40:05","slug":"praga-mgly-wymaga","status":"publish","type":"post","link":"http:\/\/wgphoto.pl\/t\/?p=8331","title":{"rendered":"Praga mg\u0142y wymaga"},"content":{"rendered":"\n<figure class=\"wp-block-image aligncenter size-full\"><img loading=\"lazy\" decoding=\"async\" width=\"1200\" height=\"900\" src=\"https:\/\/wgphoto.pl\/t\/wp-content\/uploads\/2024\/12\/IMGP5662.jpg\" alt=\"\" class=\"wp-image-8332\" srcset=\"http:\/\/wgphoto.pl\/t\/wp-content\/uploads\/2024\/12\/IMGP5662.jpg 1200w, http:\/\/wgphoto.pl\/t\/wp-content\/uploads\/2024\/12\/IMGP5662-300x225.jpg 300w, http:\/\/wgphoto.pl\/t\/wp-content\/uploads\/2024\/12\/IMGP5662-768x576.jpg 768w\" sizes=\"auto, (max-width: 1200px) 100vw, 1200px\" \/><\/figure>\n\n\n\n<div class=\"wp-block-group has-global-padding is-layout-constrained wp-block-group-is-layout-constrained\">\n<p>Praga, \u0160tef\u00e1nik\u016fv most. Sk\u0142ad wagon\u00f3w T3R.P przeje\u017cd\u017ca na lewy brzeg We\u0142tawy, na pierwszym planie widoczna jest \u015bluza \u0160tvanice, a w tle zamglone Hradczany z g\u00f3ruj\u0105c\u0105 katedr\u0105. Bardzo lubi\u0119 to foto. 11.11.2021<\/p>\n<\/div>\n","protected":false},"excerpt":{"rendered":"<p>Praga, \u0160tef\u00e1nik\u016fv most. Sk\u0142ad wagon\u00f3w T3R.P przeje\u017cd\u017ca na lewy brzeg We\u0142tawy, na pierwszym planie widoczna jest \u015bluza \u0160tvanice, a w tle zamglone Hradczany z g\u00f3ruj\u0105c\u0105 katedr\u0105. Bardzo lubi\u0119 to foto. 11.11.2021<\/p>\n","protected":false},"author":1,"featured_media":8332,"comment_status":"open","ping_status":"","sticky":false,"template":"","format":"standard","meta":{"footnotes":""},"categories":[681,3],"tags":[2738,49,1049,821,45,52,73,1011],"class_list":["post-8331","post","type-post","status-publish","format-standard","has-post-thumbnail","hentry","category-rok-2021","category-tramwaj","tag-2021-11-11","tag-czechy","tag-dp-praha","tag-mgla","tag-most","tag-praga","tag-rzeka","tag-tatra-t3"],"_links":{"self":[{"href":"http:\/\/wgphoto.pl\/t\/index.php?rest_route=\/wp\/v2\/posts\/8331","targetHints":{"allow":["GET"]}}],"collection":[{"href":"http:\/\/wgphoto.pl\/t\/index.php?rest_route=\/wp\/v2\/posts"}],"about":[{"href":"http:\/\/wgphoto.pl\/t\/index.php?rest_route=\/wp\/v2\/types\/post"}],"author":[{"embeddable":true,"href":"http:\/\/wgphoto.pl\/t\/index.php?rest_route=\/wp\/v2\/users\/1"}],"replies":[{"embeddable":true,"href":"http:\/\/wgphoto.pl\/t\/index.php?rest_route=%2Fwp%2Fv2%2Fcomments&post=8331"}],"version-history":[{"count":1,"href":"http:\/\/wgphoto.pl\/t\/index.php?rest_route=\/wp\/v2\/posts\/8331\/revisions"}],"predecessor-version":[{"id":8333,"href":"http:\/\/wgphoto.pl\/t\/index.php?rest_route=\/wp\/v2\/posts\/8331\/revisions\/8333"}],"wp:featuredmedia":[{"embeddable":true,"href":"http:\/\/wgphoto.pl\/t\/index.php?rest_route=\/wp\/v2\/media\/8332"}],"wp:attachment":[{"href":"http:\/\/wgphoto.pl\/t\/index.php?rest_route=%2Fwp%2Fv2%2Fmedia&parent=8331"}],"wp:term":[{"taxonomy":"category","embeddable":true,"href":"http:\/\/wgphoto.pl\/t\/index.php?rest_route=%2Fwp%2Fv2%2Fcategories&post=8331"},{"taxonomy":"post_tag","embeddable":true,"href":"http:\/\/wgphoto.pl\/t\/index.php?rest_route=%2Fwp%2Fv2%2Ftags&post=8331"}],"curies":[{"name":"wp","href":"https:\/\/api.w.org\/{rel}","templated":true}]}}