{"id":8342,"date":"2024-12-30T22:38:00","date_gmt":"2024-12-30T21:38:00","guid":{"rendered":"https:\/\/wgphoto.pl\/t\/?p=8342"},"modified":"2024-12-30T22:38:00","modified_gmt":"2024-12-30T21:38:00","slug":"przyszlosc-jednak-nie-jest-rozowa","status":"publish","type":"post","link":"http:\/\/wgphoto.pl\/t\/?p=8342","title":{"rendered":"Przysz\u0142o\u015b\u0107 jednak nie jest r\u00f3\u017cowa"},"content":{"rendered":"\n<figure class=\"wp-block-image aligncenter size-full\"><img loading=\"lazy\" decoding=\"async\" width=\"1300\" height=\"870\" src=\"https:\/\/wgphoto.pl\/t\/wp-content\/uploads\/2024\/12\/IMGP4227-1-1.jpg\" alt=\"\" class=\"wp-image-8344\" srcset=\"http:\/\/wgphoto.pl\/t\/wp-content\/uploads\/2024\/12\/IMGP4227-1-1.jpg 1300w, http:\/\/wgphoto.pl\/t\/wp-content\/uploads\/2024\/12\/IMGP4227-1-1-300x201.jpg 300w, http:\/\/wgphoto.pl\/t\/wp-content\/uploads\/2024\/12\/IMGP4227-1-1-768x514.jpg 768w\" sizes=\"auto, (max-width: 1300px) 100vw, 1300px\" \/><\/figure>\n\n\n\n<div class=\"wp-block-group has-global-padding is-layout-constrained wp-block-group-is-layout-constrained\">\n<p>Lu\u017eec nad Vltavou. 809.502-8 za par\u0119 minut odjedzie w kr\u00f3ciutki kurs 12358 do Vra\u0148an, odleg\u0142ych o 3 km. W najbli\u017csz\u0105 sobot\u0119 odjad\u0105 st\u0105d ostatnie planowe poci\u0105gi pasa\u017cerskie. 27.09.2011<\/p>\n<\/div>\n","protected":false},"excerpt":{"rendered":"<p>Lu\u017eec nad Vltavou. 809.502-8 za par\u0119 minut odjedzie w kr\u00f3ciutki kurs 12358 do Vra\u0148an, odleg\u0142ych o 3 km. W najbli\u017csz\u0105 sobot\u0119 odjad\u0105 st\u0105d ostatnie planowe poci\u0105gi pasa\u017cerskie. 27.09.2011<\/p>\n","protected":false},"author":1,"featured_media":8344,"comment_status":"open","ping_status":"","sticky":false,"template":"","format":"standard","meta":{"footnotes":""},"categories":[2,77],"tags":[1230,1229,92,50,49,2742,94,2741],"class_list":["post-8342","post","type-post","status-publish","format-standard","has-post-thumbnail","hentry","category-kolej","category-rok-2011","tag-2011-09-27","tag-1229","tag-92","tag-cd","tag-czechy","tag-luzec-nad-vltavou","tag-na-kolejowym-koncu-swiata","tag-tab-cz094"],"_links":{"self":[{"href":"http:\/\/wgphoto.pl\/t\/index.php?rest_route=\/wp\/v2\/posts\/8342","targetHints":{"allow":["GET"]}}],"collection":[{"href":"http:\/\/wgphoto.pl\/t\/index.php?rest_route=\/wp\/v2\/posts"}],"about":[{"href":"http:\/\/wgphoto.pl\/t\/index.php?rest_route=\/wp\/v2\/types\/post"}],"author":[{"embeddable":true,"href":"http:\/\/wgphoto.pl\/t\/index.php?rest_route=\/wp\/v2\/users\/1"}],"replies":[{"embeddable":true,"href":"http:\/\/wgphoto.pl\/t\/index.php?rest_route=%2Fwp%2Fv2%2Fcomments&post=8342"}],"version-history":[{"count":1,"href":"http:\/\/wgphoto.pl\/t\/index.php?rest_route=\/wp\/v2\/posts\/8342\/revisions"}],"predecessor-version":[{"id":8345,"href":"http:\/\/wgphoto.pl\/t\/index.php?rest_route=\/wp\/v2\/posts\/8342\/revisions\/8345"}],"wp:featuredmedia":[{"embeddable":true,"href":"http:\/\/wgphoto.pl\/t\/index.php?rest_route=\/wp\/v2\/media\/8344"}],"wp:attachment":[{"href":"http:\/\/wgphoto.pl\/t\/index.php?rest_route=%2Fwp%2Fv2%2Fmedia&parent=8342"}],"wp:term":[{"taxonomy":"category","embeddable":true,"href":"http:\/\/wgphoto.pl\/t\/index.php?rest_route=%2Fwp%2Fv2%2Fcategories&post=8342"},{"taxonomy":"post_tag","embeddable":true,"href":"http:\/\/wgphoto.pl\/t\/index.php?rest_route=%2Fwp%2Fv2%2Ftags&post=8342"}],"curies":[{"name":"wp","href":"https:\/\/api.w.org\/{rel}","templated":true}]}}