{"id":836,"date":"2024-09-30T21:47:23","date_gmt":"2024-09-30T19:47:23","guid":{"rendered":"https:\/\/wgphoto.pl\/t\/?p=836"},"modified":"2024-09-30T21:47:23","modified_gmt":"2024-09-30T19:47:23","slug":"sycylijski-tramwaj","status":"publish","type":"post","link":"http:\/\/wgphoto.pl\/t\/?p=836","title":{"rendered":"Sycylijski tramwaj"},"content":{"rendered":"\n<figure class=\"wp-block-image aligncenter size-full\"><img loading=\"lazy\" decoding=\"async\" width=\"1200\" height=\"795\" src=\"https:\/\/wgphoto.pl\/t\/wp-content\/uploads\/2024\/09\/IMGP3245.jpg\" alt=\"\" class=\"wp-image-837\" srcset=\"http:\/\/wgphoto.pl\/t\/wp-content\/uploads\/2024\/09\/IMGP3245.jpg 1200w, http:\/\/wgphoto.pl\/t\/wp-content\/uploads\/2024\/09\/IMGP3245-300x199.jpg 300w, http:\/\/wgphoto.pl\/t\/wp-content\/uploads\/2024\/09\/IMGP3245-768x509.jpg 768w\" sizes=\"auto, (max-width: 1200px) 100vw, 1200px\" \/><\/figure>\n\n\n\n<div class=\"wp-block-group has-global-padding is-layout-constrained wp-block-group-is-layout-constrained\">\n<p>Palermo, Via Antonino Laudicina. W tle dostrzec mo\u017cna wody Morza Tyrre\u0144skiego i jest to jedno z dw\u00f3ch miejsc, w kt\u00f3rym motorniczowie mog\u0105 zerkn\u0105\u0107 na bezkresne wody. Tutejszy tramwaj w \u017cadnym miejscu nie podje\u017cd\u017ca bezpo\u015brednio na wybrze\u017ce.<br>W 2015 roku, po 8 latach budowy, otwarto wsp\u00f3\u0142czesn\u0105 sie\u0107 tramwajow\u0105 w stolicy Sycylii. A konkretniej dwie sieci: wschodni\u0105 (ze zdj\u0119cia), po kt\u00f3rej kursuje linia 1 i zachodni\u0105 z liniami 2, 3 i 4. Obie cz\u0119\u015bci \u0142\u0105czy linia autobusowa 102, kursuj\u0105ca przez \u015bcis\u0142e centrum w znacznej cz\u0119\u015bci wydzielonymi pasami ruchu, wi\u0119c miejsce na tramwaj jest, ale nie wida\u0107 \u017cadnych prac w terenie mog\u0105cych sugerowa\u0107, \u017ce w daj\u0105cej si\u0119 przewidzie\u0107 przysz\u0142o\u015bci nast\u0105pi po\u0142\u0105czenie obu sieci. 29.03.2019<\/p>\n<\/div>\n","protected":false},"excerpt":{"rendered":"<p>Palermo, Via Antonino Laudicina. W tle dostrzec mo\u017cna wody Morza Tyrre\u0144skiego i jest to jedno z dw\u00f3ch miejsc, w kt\u00f3rym motorniczowie mog\u0105 zerkn\u0105\u0107 na bezkresne wody. Tutejszy tramwaj w \u017cadnym miejscu nie podje\u017cd\u017ca bezpo\u015brednio na wybrze\u017ce.W 2015 roku, po 8 latach budowy, otwarto wsp\u00f3\u0142czesn\u0105 sie\u0107 tramwajow\u0105 w stolicy Sycylii. A konkretniej dwie sieci: wschodni\u0105 (ze [&hellip;]<\/p>\n","protected":false},"author":1,"featured_media":837,"comment_status":"open","ping_status":"","sticky":false,"template":"","format":"standard","meta":{"footnotes":""},"categories":[136,3],"tags":[431,185,116,430,422,110],"class_list":["post-836","post","type-post","status-publish","format-standard","has-post-thumbnail","hentry","category-rok-2019","category-tramwaj","tag-2019-03-29","tag-cityrunner","tag-morze","tag-palermo","tag-sycylia","tag-wlochy"],"_links":{"self":[{"href":"http:\/\/wgphoto.pl\/t\/index.php?rest_route=\/wp\/v2\/posts\/836","targetHints":{"allow":["GET"]}}],"collection":[{"href":"http:\/\/wgphoto.pl\/t\/index.php?rest_route=\/wp\/v2\/posts"}],"about":[{"href":"http:\/\/wgphoto.pl\/t\/index.php?rest_route=\/wp\/v2\/types\/post"}],"author":[{"embeddable":true,"href":"http:\/\/wgphoto.pl\/t\/index.php?rest_route=\/wp\/v2\/users\/1"}],"replies":[{"embeddable":true,"href":"http:\/\/wgphoto.pl\/t\/index.php?rest_route=%2Fwp%2Fv2%2Fcomments&post=836"}],"version-history":[{"count":1,"href":"http:\/\/wgphoto.pl\/t\/index.php?rest_route=\/wp\/v2\/posts\/836\/revisions"}],"predecessor-version":[{"id":838,"href":"http:\/\/wgphoto.pl\/t\/index.php?rest_route=\/wp\/v2\/posts\/836\/revisions\/838"}],"wp:featuredmedia":[{"embeddable":true,"href":"http:\/\/wgphoto.pl\/t\/index.php?rest_route=\/wp\/v2\/media\/837"}],"wp:attachment":[{"href":"http:\/\/wgphoto.pl\/t\/index.php?rest_route=%2Fwp%2Fv2%2Fmedia&parent=836"}],"wp:term":[{"taxonomy":"category","embeddable":true,"href":"http:\/\/wgphoto.pl\/t\/index.php?rest_route=%2Fwp%2Fv2%2Fcategories&post=836"},{"taxonomy":"post_tag","embeddable":true,"href":"http:\/\/wgphoto.pl\/t\/index.php?rest_route=%2Fwp%2Fv2%2Ftags&post=836"}],"curies":[{"name":"wp","href":"https:\/\/api.w.org\/{rel}","templated":true}]}}