{"id":8361,"date":"2024-12-30T22:44:06","date_gmt":"2024-12-30T21:44:06","guid":{"rendered":"https:\/\/wgphoto.pl\/t\/?p=8361"},"modified":"2025-06-08T13:15:03","modified_gmt":"2025-06-08T11:15:03","slug":"eu07-024","status":"publish","type":"post","link":"http:\/\/wgphoto.pl\/t\/?p=8361","title":{"rendered":"EU07-024"},"content":{"rendered":"\n<figure class=\"wp-block-image aligncenter size-full\"><img loading=\"lazy\" decoding=\"async\" width=\"1300\" height=\"862\" src=\"https:\/\/wgphoto.pl\/t\/wp-content\/uploads\/2024\/12\/0305-00.jpg\" alt=\"\" class=\"wp-image-8362\" srcset=\"http:\/\/wgphoto.pl\/t\/wp-content\/uploads\/2024\/12\/0305-00.jpg 1300w, http:\/\/wgphoto.pl\/t\/wp-content\/uploads\/2024\/12\/0305-00-300x199.jpg 300w, http:\/\/wgphoto.pl\/t\/wp-content\/uploads\/2024\/12\/0305-00-768x509.jpg 768w\" sizes=\"auto, (max-width: 1300px) 100vw, 1300px\" \/><\/figure>\n\n\n\n<div class=\"wp-block-group has-global-padding is-layout-constrained wp-block-group-is-layout-constrained\">\n<p>EU07-024 z CM Krak\u00f3w z poci\u0105giem pospiesznym 83102 &#8222;\u015awiatowid&#8221; ze Szczecina do Przemy\u015bla zaraz minie semafor wjazdowy do stacji Wroc\u0142aw Popowice. 22.02.2003<\/p>\n<\/div>\n","protected":false},"excerpt":{"rendered":"<p>EU07-024 z CM Krak\u00f3w z poci\u0105giem pospiesznym 83102 &#8222;\u015awiatowid&#8221; ze Szczecina do Przemy\u015bla zaraz minie semafor wjazdowy do stacji Wroc\u0142aw Popowice. 22.02.2003<\/p>\n","protected":false},"author":1,"featured_media":8362,"comment_status":"open","ping_status":"","sticky":false,"template":"","format":"standard","meta":{"footnotes":""},"categories":[62,2,149],"tags":[1566,122,230,63,27,190,41,191,75,2746],"class_list":["post-8361","post","type-post","status-publish","format-standard","has-post-thumbnail","hentry","category-analog","category-kolej","category-rok-2003","tag-2003-02-22","tag-eu07","tag-infrastruktura","tag-pkp","tag-polska","tag-tab-pl330","tag-wroclaw","tag-wroclaw-osobowice","tag-wroclaw-popowice","tag-wroclaw-rozanka"],"_links":{"self":[{"href":"http:\/\/wgphoto.pl\/t\/index.php?rest_route=\/wp\/v2\/posts\/8361","targetHints":{"allow":["GET"]}}],"collection":[{"href":"http:\/\/wgphoto.pl\/t\/index.php?rest_route=\/wp\/v2\/posts"}],"about":[{"href":"http:\/\/wgphoto.pl\/t\/index.php?rest_route=\/wp\/v2\/types\/post"}],"author":[{"embeddable":true,"href":"http:\/\/wgphoto.pl\/t\/index.php?rest_route=\/wp\/v2\/users\/1"}],"replies":[{"embeddable":true,"href":"http:\/\/wgphoto.pl\/t\/index.php?rest_route=%2Fwp%2Fv2%2Fcomments&post=8361"}],"version-history":[{"count":1,"href":"http:\/\/wgphoto.pl\/t\/index.php?rest_route=\/wp\/v2\/posts\/8361\/revisions"}],"predecessor-version":[{"id":8363,"href":"http:\/\/wgphoto.pl\/t\/index.php?rest_route=\/wp\/v2\/posts\/8361\/revisions\/8363"}],"wp:featuredmedia":[{"embeddable":true,"href":"http:\/\/wgphoto.pl\/t\/index.php?rest_route=\/wp\/v2\/media\/8362"}],"wp:attachment":[{"href":"http:\/\/wgphoto.pl\/t\/index.php?rest_route=%2Fwp%2Fv2%2Fmedia&parent=8361"}],"wp:term":[{"taxonomy":"category","embeddable":true,"href":"http:\/\/wgphoto.pl\/t\/index.php?rest_route=%2Fwp%2Fv2%2Fcategories&post=8361"},{"taxonomy":"post_tag","embeddable":true,"href":"http:\/\/wgphoto.pl\/t\/index.php?rest_route=%2Fwp%2Fv2%2Ftags&post=8361"}],"curies":[{"name":"wp","href":"https:\/\/api.w.org\/{rel}","templated":true}]}}