{"id":8379,"date":"2024-12-30T22:50:21","date_gmt":"2024-12-30T21:50:21","guid":{"rendered":"https:\/\/wgphoto.pl\/t\/?p=8379"},"modified":"2024-12-30T23:21:31","modified_gmt":"2024-12-30T22:21:31","slug":"gwiazdy-w-tunelu","status":"publish","type":"post","link":"http:\/\/wgphoto.pl\/t\/?p=8379","title":{"rendered":"Gwiazdy w tunelu"},"content":{"rendered":"\n<figure class=\"wp-block-image aligncenter size-full\"><img loading=\"lazy\" decoding=\"async\" width=\"1300\" height=\"861\" src=\"https:\/\/wgphoto.pl\/t\/wp-content\/uploads\/2024\/12\/IMGP3169.jpg\" alt=\"\" class=\"wp-image-8380\" srcset=\"http:\/\/wgphoto.pl\/t\/wp-content\/uploads\/2024\/12\/IMGP3169.jpg 1300w, http:\/\/wgphoto.pl\/t\/wp-content\/uploads\/2024\/12\/IMGP3169-300x199.jpg 300w, http:\/\/wgphoto.pl\/t\/wp-content\/uploads\/2024\/12\/IMGP3169-768x509.jpg 768w\" sizes=\"auto, (max-width: 1300px) 100vw, 1300px\" \/><\/figure>\n\n\n\n<div class=\"wp-block-group has-global-padding is-layout-constrained wp-block-group-is-layout-constrained\">\n<p>Najnowsza stacja berli\u0144skiego metra, Museumsinsel, otwarta dla pasa\u017cer\u00f3w 09.07.2021 (mimo \u017ce odcinek Alexanderplatz &#8211; Brandenburger Tor uruchomiono ju\u017c p\u00f3\u0142 roku wcze\u015bniej), charakteryzuje si\u0119 efektown\u0105 aran\u017cacj\u0105 z udawanymi gwiazdami na stropie. Ze stacji zaraz odjedzie sk\u0142ad serii IK. Na tym zdj\u0119ciu wyra\u017anie wida\u0107, \u017ce wagony te powsta\u0142y z my\u015bl\u0105 o liniach w\u0105skoprofilowych, do kt\u00f3rych U5 nie nale\u017cy. Podobno jednak tymczasowe wykorzystywanie tych jednostek na U5 jest spowodowane brakami w taborze dla linii szerokoprofilowych. 14.09.2021<\/p>\n<\/div>\n","protected":false},"excerpt":{"rendered":"<p>Najnowsza stacja berli\u0144skiego metra, Museumsinsel, otwarta dla pasa\u017cer\u00f3w 09.07.2021 (mimo \u017ce odcinek Alexanderplatz &#8211; Brandenburger Tor uruchomiono ju\u017c p\u00f3\u0142 roku wcze\u015bniej), charakteryzuje si\u0119 efektown\u0105 aran\u017cacj\u0105 z udawanymi gwiazdami na stropie. Ze stacji zaraz odjedzie sk\u0142ad serii IK. Na tym zdj\u0119ciu wyra\u017anie wida\u0107, \u017ce wagony te powsta\u0142y z my\u015bl\u0105 o liniach w\u0105skoprofilowych, do kt\u00f3rych U5 nie [&hellip;]<\/p>\n","protected":false},"author":1,"featured_media":8380,"comment_status":"open","ping_status":"","sticky":false,"template":"","format":"standard","meta":{"footnotes":""},"categories":[4,681],"tags":[2564,639,1628,173,23,2202,2562,2563,15,2565],"class_list":["post-8379","post","type-post","status-publish","format-standard","has-post-thumbnail","hentry","category-metro","category-rok-2021","tag-2021-09-14","tag-berlin","tag-bvg-berlin","tag-koncowki","tag-niemcy","tag-niemieckie-wakacje-2021","tag-stacje-berlinskiego-metra","tag-stadler-ik","tag-tunel","tag-u-bahn-berlin"],"_links":{"self":[{"href":"http:\/\/wgphoto.pl\/t\/index.php?rest_route=\/wp\/v2\/posts\/8379","targetHints":{"allow":["GET"]}}],"collection":[{"href":"http:\/\/wgphoto.pl\/t\/index.php?rest_route=\/wp\/v2\/posts"}],"about":[{"href":"http:\/\/wgphoto.pl\/t\/index.php?rest_route=\/wp\/v2\/types\/post"}],"author":[{"embeddable":true,"href":"http:\/\/wgphoto.pl\/t\/index.php?rest_route=\/wp\/v2\/users\/1"}],"replies":[{"embeddable":true,"href":"http:\/\/wgphoto.pl\/t\/index.php?rest_route=%2Fwp%2Fv2%2Fcomments&post=8379"}],"version-history":[{"count":1,"href":"http:\/\/wgphoto.pl\/t\/index.php?rest_route=\/wp\/v2\/posts\/8379\/revisions"}],"predecessor-version":[{"id":8381,"href":"http:\/\/wgphoto.pl\/t\/index.php?rest_route=\/wp\/v2\/posts\/8379\/revisions\/8381"}],"wp:featuredmedia":[{"embeddable":true,"href":"http:\/\/wgphoto.pl\/t\/index.php?rest_route=\/wp\/v2\/media\/8380"}],"wp:attachment":[{"href":"http:\/\/wgphoto.pl\/t\/index.php?rest_route=%2Fwp%2Fv2%2Fmedia&parent=8379"}],"wp:term":[{"taxonomy":"category","embeddable":true,"href":"http:\/\/wgphoto.pl\/t\/index.php?rest_route=%2Fwp%2Fv2%2Fcategories&post=8379"},{"taxonomy":"post_tag","embeddable":true,"href":"http:\/\/wgphoto.pl\/t\/index.php?rest_route=%2Fwp%2Fv2%2Ftags&post=8379"}],"curies":[{"name":"wp","href":"https:\/\/api.w.org\/{rel}","templated":true}]}}