{"id":8392,"date":"2024-12-30T23:12:25","date_gmt":"2024-12-30T22:12:25","guid":{"rendered":"https:\/\/wgphoto.pl\/t\/?p=8392"},"modified":"2024-12-30T23:12:25","modified_gmt":"2024-12-30T22:12:25","slug":"to-nie-mgla","status":"publish","type":"post","link":"http:\/\/wgphoto.pl\/t\/?p=8392","title":{"rendered":"To nie mg\u0142a"},"content":{"rendered":"\n<figure class=\"wp-block-image aligncenter size-full\"><img loading=\"lazy\" decoding=\"async\" width=\"800\" height=\"1000\" src=\"https:\/\/wgphoto.pl\/t\/wp-content\/uploads\/2024\/12\/0421-18.jpg\" alt=\"\" class=\"wp-image-8393\" srcset=\"http:\/\/wgphoto.pl\/t\/wp-content\/uploads\/2024\/12\/0421-18.jpg 800w, http:\/\/wgphoto.pl\/t\/wp-content\/uploads\/2024\/12\/0421-18-240x300.jpg 240w, http:\/\/wgphoto.pl\/t\/wp-content\/uploads\/2024\/12\/0421-18-768x960.jpg 768w\" sizes=\"auto, (max-width: 800px) 100vw, 800px\" \/><\/figure>\n\n\n\n<div class=\"wp-block-group has-global-padding is-layout-constrained wp-block-group-is-layout-constrained\">\n<p>Poci\u0105g osobowy 8035 z K\u0142odzka zosta\u0142 przy\u0142apany u wylotu najd\u0142u\u017cszego tunelu w Polsce, wydr\u0105\u017conego pod Wo\u0142owcem, mi\u0119dzy Jedlin\u0105 G\u00f3rn\u0105 a Wa\u0142brzychem. Z powodu niesprawno\u015bci systemu wentylacji, spaliny wyprodukowane przes SP32-209 podczas kilkuminutowego przejazdu przez tunel zgromadzi\u0142y si\u0119 u jego wylotu, st\u0105d efekt og\u00f3lnego &#8222;zamydlenia&#8221; zdj\u0119cia. 23.08.2004<\/p>\n<\/div>\n","protected":false},"excerpt":{"rendered":"<p>Poci\u0105g osobowy 8035 z K\u0142odzka zosta\u0142 przy\u0142apany u wylotu najd\u0142u\u017cszego tunelu w Polsce, wydr\u0105\u017conego pod Wo\u0142owcem, mi\u0119dzy Jedlin\u0105 G\u00f3rn\u0105 a Wa\u0142brzychem. Z powodu niesprawno\u015bci systemu wentylacji, spaliny wyprodukowane przes SP32-209 podczas kilkuminutowego przejazdu przez tunel zgromadzi\u0142y si\u0119 u jego wylotu, st\u0105d efekt og\u00f3lnego &#8222;zamydlenia&#8221; zdj\u0119cia. 23.08.2004<\/p>\n","protected":false},"author":1,"featured_media":8393,"comment_status":"open","ping_status":"","sticky":false,"template":"","format":"standard","meta":{"footnotes":""},"categories":[62,2,128,61],"tags":[2752,2751,63,27,385,391,15,1101],"class_list":["post-8392","post","type-post","status-publish","format-standard","has-post-thumbnail","hentry","category-analog","category-kolej","category-pionowe","category-rok-2004","tag-2004-08-23","tag-jedlina-gorna","tag-pkp","tag-polska","tag-sp32","tag-tab-pl245","tag-tunel","tag-walbrzych-glowny"],"_links":{"self":[{"href":"http:\/\/wgphoto.pl\/t\/index.php?rest_route=\/wp\/v2\/posts\/8392","targetHints":{"allow":["GET"]}}],"collection":[{"href":"http:\/\/wgphoto.pl\/t\/index.php?rest_route=\/wp\/v2\/posts"}],"about":[{"href":"http:\/\/wgphoto.pl\/t\/index.php?rest_route=\/wp\/v2\/types\/post"}],"author":[{"embeddable":true,"href":"http:\/\/wgphoto.pl\/t\/index.php?rest_route=\/wp\/v2\/users\/1"}],"replies":[{"embeddable":true,"href":"http:\/\/wgphoto.pl\/t\/index.php?rest_route=%2Fwp%2Fv2%2Fcomments&post=8392"}],"version-history":[{"count":1,"href":"http:\/\/wgphoto.pl\/t\/index.php?rest_route=\/wp\/v2\/posts\/8392\/revisions"}],"predecessor-version":[{"id":8394,"href":"http:\/\/wgphoto.pl\/t\/index.php?rest_route=\/wp\/v2\/posts\/8392\/revisions\/8394"}],"wp:featuredmedia":[{"embeddable":true,"href":"http:\/\/wgphoto.pl\/t\/index.php?rest_route=\/wp\/v2\/media\/8393"}],"wp:attachment":[{"href":"http:\/\/wgphoto.pl\/t\/index.php?rest_route=%2Fwp%2Fv2%2Fmedia&parent=8392"}],"wp:term":[{"taxonomy":"category","embeddable":true,"href":"http:\/\/wgphoto.pl\/t\/index.php?rest_route=%2Fwp%2Fv2%2Fcategories&post=8392"},{"taxonomy":"post_tag","embeddable":true,"href":"http:\/\/wgphoto.pl\/t\/index.php?rest_route=%2Fwp%2Fv2%2Ftags&post=8392"}],"curies":[{"name":"wp","href":"https:\/\/api.w.org\/{rel}","templated":true}]}}