{"id":8395,"date":"2024-12-30T23:13:22","date_gmt":"2024-12-30T22:13:22","guid":{"rendered":"https:\/\/wgphoto.pl\/t\/?p=8395"},"modified":"2024-12-30T23:13:22","modified_gmt":"2024-12-30T22:13:22","slug":"tramwajow-juz-nie-ma","status":"publish","type":"post","link":"http:\/\/wgphoto.pl\/t\/?p=8395","title":{"rendered":"Tramwaj\u00f3w ju\u017c nie ma"},"content":{"rendered":"\n<figure class=\"wp-block-image aligncenter size-full\"><img loading=\"lazy\" decoding=\"async\" width=\"1300\" height=\"861\" src=\"https:\/\/wgphoto.pl\/t\/wp-content\/uploads\/2024\/12\/IMGP8895.jpg\" alt=\"\" class=\"wp-image-8396\" srcset=\"http:\/\/wgphoto.pl\/t\/wp-content\/uploads\/2024\/12\/IMGP8895.jpg 1300w, http:\/\/wgphoto.pl\/t\/wp-content\/uploads\/2024\/12\/IMGP8895-300x199.jpg 300w, http:\/\/wgphoto.pl\/t\/wp-content\/uploads\/2024\/12\/IMGP8895-768x509.jpg 768w\" sizes=\"auto, (max-width: 1300px) 100vw, 1300px\" \/><\/figure>\n\n\n\n<div class=\"wp-block-group has-global-padding is-layout-constrained wp-block-group-is-layout-constrained\">\n<p>Sk\u0142ad wagon\u00f3w GT8-80C 568+? jedzie powoli deptakiem na Kaiserstra\u00dfe w Karlsruhe. 12 grudnia 2021, wraz z roczn\u0105 zmian\u0105 rozk\u0142adu jazdy, po wielu latach budowy otwarto odcinek podziemny, maj\u0105cy rozwi\u0105za\u0107 problemy komunikacyjne przeci\u0105\u017conego tramwajami i Stadtbahnem deptaku. Tory ze zdj\u0119cia w najbli\u017cszym czasie maj\u0105 zosta\u0107 rozebrane, w zwi\u0105zku z czym piesi zyskaj\u0105 wi\u0119cej miejsca. Przy okazji &#8211; w\u00f3z nr 568 te\u017c ju\u017c nie istnieje. 28.03.2018<\/p>\n<\/div>\n","protected":false},"excerpt":{"rendered":"<p>Sk\u0142ad wagon\u00f3w GT8-80C 568+? jedzie powoli deptakiem na Kaiserstra\u00dfe w Karlsruhe. 12 grudnia 2021, wraz z roczn\u0105 zmian\u0105 rozk\u0142adu jazdy, po wielu latach budowy otwarto odcinek podziemny, maj\u0105cy rozwi\u0105za\u0107 problemy komunikacyjne przeci\u0105\u017conego tramwajami i Stadtbahnem deptaku. Tory ze zdj\u0119cia w najbli\u017cszym czasie maj\u0105 zosta\u0107 rozebrane, w zwi\u0105zku z czym piesi zyskaj\u0105 wi\u0119cej miejsca. Przy okazji [&hellip;]<\/p>\n","protected":false},"author":1,"featured_media":8396,"comment_status":"open","ping_status":"","sticky":false,"template":"","format":"standard","meta":{"footnotes":""},"categories":[156,3],"tags":[1159,2754,239,13,238,2753,23,183],"class_list":["post-8395","post","type-post","status-publish","format-standard","has-post-thumbnail","hentry","category-rok-2018","category-tramwaj","tag-2018-03-28","tag-avg-karlsruhe","tag-deptak","tag-deszcz","tag-gt8","tag-karlsruhe","tag-niemcy","tag-suissetrip-2018"],"_links":{"self":[{"href":"http:\/\/wgphoto.pl\/t\/index.php?rest_route=\/wp\/v2\/posts\/8395","targetHints":{"allow":["GET"]}}],"collection":[{"href":"http:\/\/wgphoto.pl\/t\/index.php?rest_route=\/wp\/v2\/posts"}],"about":[{"href":"http:\/\/wgphoto.pl\/t\/index.php?rest_route=\/wp\/v2\/types\/post"}],"author":[{"embeddable":true,"href":"http:\/\/wgphoto.pl\/t\/index.php?rest_route=\/wp\/v2\/users\/1"}],"replies":[{"embeddable":true,"href":"http:\/\/wgphoto.pl\/t\/index.php?rest_route=%2Fwp%2Fv2%2Fcomments&post=8395"}],"version-history":[{"count":1,"href":"http:\/\/wgphoto.pl\/t\/index.php?rest_route=\/wp\/v2\/posts\/8395\/revisions"}],"predecessor-version":[{"id":8397,"href":"http:\/\/wgphoto.pl\/t\/index.php?rest_route=\/wp\/v2\/posts\/8395\/revisions\/8397"}],"wp:featuredmedia":[{"embeddable":true,"href":"http:\/\/wgphoto.pl\/t\/index.php?rest_route=\/wp\/v2\/media\/8396"}],"wp:attachment":[{"href":"http:\/\/wgphoto.pl\/t\/index.php?rest_route=%2Fwp%2Fv2%2Fmedia&parent=8395"}],"wp:term":[{"taxonomy":"category","embeddable":true,"href":"http:\/\/wgphoto.pl\/t\/index.php?rest_route=%2Fwp%2Fv2%2Fcategories&post=8395"},{"taxonomy":"post_tag","embeddable":true,"href":"http:\/\/wgphoto.pl\/t\/index.php?rest_route=%2Fwp%2Fv2%2Ftags&post=8395"}],"curies":[{"name":"wp","href":"https:\/\/api.w.org\/{rel}","templated":true}]}}