{"id":8428,"date":"2024-12-30T23:25:37","date_gmt":"2024-12-30T22:25:37","guid":{"rendered":"https:\/\/wgphoto.pl\/t\/?p=8428"},"modified":"2024-12-30T23:25:37","modified_gmt":"2024-12-30T22:25:37","slug":"zima-w-pelni-3","status":"publish","type":"post","link":"http:\/\/wgphoto.pl\/t\/?p=8428","title":{"rendered":"Zima w pe\u0142ni"},"content":{"rendered":"\n<figure class=\"wp-block-image aligncenter size-full\"><img loading=\"lazy\" decoding=\"async\" width=\"1300\" height=\"862\" src=\"https:\/\/wgphoto.pl\/t\/wp-content\/uploads\/2024\/12\/0601-00.jpg\" alt=\"\" class=\"wp-image-8429\" srcset=\"http:\/\/wgphoto.pl\/t\/wp-content\/uploads\/2024\/12\/0601-00.jpg 1300w, http:\/\/wgphoto.pl\/t\/wp-content\/uploads\/2024\/12\/0601-00-300x199.jpg 300w, http:\/\/wgphoto.pl\/t\/wp-content\/uploads\/2024\/12\/0601-00-768x509.jpg 768w\" sizes=\"auto, (max-width: 1300px) 100vw, 1300px\" \/><\/figure>\n\n\n\n<div class=\"wp-block-group has-global-padding is-layout-constrained wp-block-group-is-layout-constrained\">\n<p>ED72-014 jako pospieszna &#8222;Skalnica&#8221; z \u017byliny do Krakowa G\u0142\u00f3wnego wkr\u00f3tce odjedzie ze Zwardonia. 31.12.2005<\/p>\n<\/div>\n","protected":false},"excerpt":{"rendered":"<p>ED72-014 jako pospieszna &#8222;Skalnica&#8221; z \u017byliny do Krakowa G\u0142\u00f3wnego wkr\u00f3tce odjedzie ze Zwardonia. 31.12.2005<\/p>\n","protected":false},"author":1,"featured_media":8429,"comment_status":"open","ping_status":"","sticky":false,"template":"","format":"standard","meta":{"footnotes":""},"categories":[62,2,311],"tags":[2059,91,743,162,63,27,44,807,90,1817],"class_list":["post-8428","post","type-post","status-publish","format-standard","has-post-thumbnail","hentry","category-analog","category-kolej","category-rok-2005","tag-2005-12-31","tag-blue-hour","tag-ed72","tag-niebo","tag-pkp","tag-polska","tag-snieg","tag-tab-pl151","tag-wieczorem","tag-zwardon"],"_links":{"self":[{"href":"http:\/\/wgphoto.pl\/t\/index.php?rest_route=\/wp\/v2\/posts\/8428","targetHints":{"allow":["GET"]}}],"collection":[{"href":"http:\/\/wgphoto.pl\/t\/index.php?rest_route=\/wp\/v2\/posts"}],"about":[{"href":"http:\/\/wgphoto.pl\/t\/index.php?rest_route=\/wp\/v2\/types\/post"}],"author":[{"embeddable":true,"href":"http:\/\/wgphoto.pl\/t\/index.php?rest_route=\/wp\/v2\/users\/1"}],"replies":[{"embeddable":true,"href":"http:\/\/wgphoto.pl\/t\/index.php?rest_route=%2Fwp%2Fv2%2Fcomments&post=8428"}],"version-history":[{"count":1,"href":"http:\/\/wgphoto.pl\/t\/index.php?rest_route=\/wp\/v2\/posts\/8428\/revisions"}],"predecessor-version":[{"id":8430,"href":"http:\/\/wgphoto.pl\/t\/index.php?rest_route=\/wp\/v2\/posts\/8428\/revisions\/8430"}],"wp:featuredmedia":[{"embeddable":true,"href":"http:\/\/wgphoto.pl\/t\/index.php?rest_route=\/wp\/v2\/media\/8429"}],"wp:attachment":[{"href":"http:\/\/wgphoto.pl\/t\/index.php?rest_route=%2Fwp%2Fv2%2Fmedia&parent=8428"}],"wp:term":[{"taxonomy":"category","embeddable":true,"href":"http:\/\/wgphoto.pl\/t\/index.php?rest_route=%2Fwp%2Fv2%2Fcategories&post=8428"},{"taxonomy":"post_tag","embeddable":true,"href":"http:\/\/wgphoto.pl\/t\/index.php?rest_route=%2Fwp%2Fv2%2Ftags&post=8428"}],"curies":[{"name":"wp","href":"https:\/\/api.w.org\/{rel}","templated":true}]}}