{"id":8478,"date":"2024-12-30T23:48:28","date_gmt":"2024-12-30T22:48:28","guid":{"rendered":"https:\/\/wgphoto.pl\/t\/?p=8478"},"modified":"2024-12-30T23:48:28","modified_gmt":"2024-12-30T22:48:28","slug":"po-prostu-ladnie-2","status":"publish","type":"post","link":"http:\/\/wgphoto.pl\/t\/?p=8478","title":{"rendered":"Po prostu \u0142adnie"},"content":{"rendered":"\n<figure class=\"wp-block-image aligncenter size-full\"><img loading=\"lazy\" decoding=\"async\" width=\"750\" height=\"1000\" src=\"https:\/\/wgphoto.pl\/t\/wp-content\/uploads\/2024\/12\/IMGP6298.jpg\" alt=\"\" class=\"wp-image-8479\" srcset=\"http:\/\/wgphoto.pl\/t\/wp-content\/uploads\/2024\/12\/IMGP6298.jpg 750w, http:\/\/wgphoto.pl\/t\/wp-content\/uploads\/2024\/12\/IMGP6298-225x300.jpg 225w\" sizes=\"auto, (max-width: 750px) 100vw, 750px\" \/><\/figure>\n\n\n\n<div class=\"wp-block-group has-global-padding is-layout-constrained wp-block-group-is-layout-constrained\">\n<p>Erfurt, Regierungsstra\u00dfe. Combino 652 w jednym z wielu urokliwych zak\u0105tk\u00f3w miasta. W tym miejscu tramwaje w obu kierunkach jad\u0105 r\u00f3wnoleg\u0142ymi, jednokierunkowymi ulicami. [15.08.2016]<\/p>\n<\/div>\n","protected":false},"excerpt":{"rendered":"<p>Erfurt, Regierungsstra\u00dfe. Combino 652 w jednym z wielu urokliwych zak\u0105tk\u00f3w miasta. W tym miejscu tramwaje w obu kierunkach jad\u0105 r\u00f3wnoleg\u0142ymi, jednokierunkowymi ulicami. [15.08.2016]<\/p>\n","protected":false},"author":1,"featured_media":8479,"comment_status":"open","ping_status":"","sticky":false,"template":"","format":"standard","meta":{"footnotes":""},"categories":[128,125,3],"tags":[413,34,411,412,23,32,381],"class_list":["post-8478","post","type-post","status-publish","format-standard","has-post-thumbnail","hentry","category-pionowe","category-rok-2016","category-tramwaj","tag-2016-08-15","tag-architektura","tag-erfurt","tag-evag-erfurt","tag-niemcy","tag-pionowe","tag-siemens-combino"],"_links":{"self":[{"href":"http:\/\/wgphoto.pl\/t\/index.php?rest_route=\/wp\/v2\/posts\/8478","targetHints":{"allow":["GET"]}}],"collection":[{"href":"http:\/\/wgphoto.pl\/t\/index.php?rest_route=\/wp\/v2\/posts"}],"about":[{"href":"http:\/\/wgphoto.pl\/t\/index.php?rest_route=\/wp\/v2\/types\/post"}],"author":[{"embeddable":true,"href":"http:\/\/wgphoto.pl\/t\/index.php?rest_route=\/wp\/v2\/users\/1"}],"replies":[{"embeddable":true,"href":"http:\/\/wgphoto.pl\/t\/index.php?rest_route=%2Fwp%2Fv2%2Fcomments&post=8478"}],"version-history":[{"count":1,"href":"http:\/\/wgphoto.pl\/t\/index.php?rest_route=\/wp\/v2\/posts\/8478\/revisions"}],"predecessor-version":[{"id":8480,"href":"http:\/\/wgphoto.pl\/t\/index.php?rest_route=\/wp\/v2\/posts\/8478\/revisions\/8480"}],"wp:featuredmedia":[{"embeddable":true,"href":"http:\/\/wgphoto.pl\/t\/index.php?rest_route=\/wp\/v2\/media\/8479"}],"wp:attachment":[{"href":"http:\/\/wgphoto.pl\/t\/index.php?rest_route=%2Fwp%2Fv2%2Fmedia&parent=8478"}],"wp:term":[{"taxonomy":"category","embeddable":true,"href":"http:\/\/wgphoto.pl\/t\/index.php?rest_route=%2Fwp%2Fv2%2Fcategories&post=8478"},{"taxonomy":"post_tag","embeddable":true,"href":"http:\/\/wgphoto.pl\/t\/index.php?rest_route=%2Fwp%2Fv2%2Ftags&post=8478"}],"curies":[{"name":"wp","href":"https:\/\/api.w.org\/{rel}","templated":true}]}}