{"id":8481,"date":"2024-12-30T23:49:33","date_gmt":"2024-12-30T22:49:33","guid":{"rendered":"https:\/\/wgphoto.pl\/t\/?p=8481"},"modified":"2024-12-30T23:49:33","modified_gmt":"2024-12-30T22:49:33","slug":"wodotryski","status":"publish","type":"post","link":"http:\/\/wgphoto.pl\/t\/?p=8481","title":{"rendered":"Wodotryski"},"content":{"rendered":"\n<figure class=\"wp-block-image aligncenter size-full\"><img loading=\"lazy\" decoding=\"async\" width=\"1300\" height=\"861\" src=\"https:\/\/wgphoto.pl\/t\/wp-content\/uploads\/2024\/12\/IMGP0806-1.jpg\" alt=\"\" class=\"wp-image-8483\" srcset=\"http:\/\/wgphoto.pl\/t\/wp-content\/uploads\/2024\/12\/IMGP0806-1.jpg 1300w, http:\/\/wgphoto.pl\/t\/wp-content\/uploads\/2024\/12\/IMGP0806-1-300x199.jpg 300w, http:\/\/wgphoto.pl\/t\/wp-content\/uploads\/2024\/12\/IMGP0806-1-768x509.jpg 768w\" sizes=\"auto, (max-width: 1300px) 100vw, 1300px\" \/><\/figure>\n\n\n\n<div class=\"wp-block-group has-global-padding is-layout-constrained wp-block-group-is-layout-constrained\">\n<p>Bruksela, p\u0119tla Stade, przy stadionie im. Kr\u00f3la Baudouina I. W tym w\u0142a\u015bnie miejscu stoi Bombardier Flexity Outlook 3055, kadr uzupe\u0142nia natomiast fontanna Charlesa de Brouck\u00e8re&#8217;a. [17.08.2018]<\/p>\n<\/div>\n","protected":false},"excerpt":{"rendered":"<p>Bruksela, p\u0119tla Stade, przy stadionie im. Kr\u00f3la Baudouina I. W tym w\u0142a\u015bnie miejscu stoi Bombardier Flexity Outlook 3055, kadr uzupe\u0142nia natomiast fontanna Charlesa de Brouck\u00e8re&#8217;a. [17.08.2018]<\/p>\n","protected":false},"author":1,"featured_media":8483,"comment_status":"open","ping_status":"","sticky":false,"template":"","format":"standard","meta":{"footnotes":""},"categories":[156,3],"tags":[697,695,696,692,185,693],"class_list":["post-8481","post","type-post","status-publish","format-standard","has-post-thumbnail","hentry","category-rok-2018","category-tramwaj","tag-2018-08-17","tag-belgia","tag-belgia-2018","tag-bruksela","tag-cityrunner","tag-stib-mivb-bruxelles"],"_links":{"self":[{"href":"http:\/\/wgphoto.pl\/t\/index.php?rest_route=\/wp\/v2\/posts\/8481","targetHints":{"allow":["GET"]}}],"collection":[{"href":"http:\/\/wgphoto.pl\/t\/index.php?rest_route=\/wp\/v2\/posts"}],"about":[{"href":"http:\/\/wgphoto.pl\/t\/index.php?rest_route=\/wp\/v2\/types\/post"}],"author":[{"embeddable":true,"href":"http:\/\/wgphoto.pl\/t\/index.php?rest_route=\/wp\/v2\/users\/1"}],"replies":[{"embeddable":true,"href":"http:\/\/wgphoto.pl\/t\/index.php?rest_route=%2Fwp%2Fv2%2Fcomments&post=8481"}],"version-history":[{"count":1,"href":"http:\/\/wgphoto.pl\/t\/index.php?rest_route=\/wp\/v2\/posts\/8481\/revisions"}],"predecessor-version":[{"id":8484,"href":"http:\/\/wgphoto.pl\/t\/index.php?rest_route=\/wp\/v2\/posts\/8481\/revisions\/8484"}],"wp:featuredmedia":[{"embeddable":true,"href":"http:\/\/wgphoto.pl\/t\/index.php?rest_route=\/wp\/v2\/media\/8483"}],"wp:attachment":[{"href":"http:\/\/wgphoto.pl\/t\/index.php?rest_route=%2Fwp%2Fv2%2Fmedia&parent=8481"}],"wp:term":[{"taxonomy":"category","embeddable":true,"href":"http:\/\/wgphoto.pl\/t\/index.php?rest_route=%2Fwp%2Fv2%2Fcategories&post=8481"},{"taxonomy":"post_tag","embeddable":true,"href":"http:\/\/wgphoto.pl\/t\/index.php?rest_route=%2Fwp%2Fv2%2Ftags&post=8481"}],"curies":[{"name":"wp","href":"https:\/\/api.w.org\/{rel}","templated":true}]}}