{"id":8485,"date":"2024-12-30T23:51:17","date_gmt":"2024-12-30T22:51:17","guid":{"rendered":"https:\/\/wgphoto.pl\/t\/?p=8485"},"modified":"2024-12-30T23:51:17","modified_gmt":"2024-12-30T22:51:17","slug":"czasem-slonce-czasem-deszcz-2","status":"publish","type":"post","link":"http:\/\/wgphoto.pl\/t\/?p=8485","title":{"rendered":"Czasem s\u0142o\u0144ce, czasem deszcz (2)"},"content":{"rendered":"\n<figure class=\"wp-block-image aligncenter size-full\"><img loading=\"lazy\" decoding=\"async\" width=\"750\" height=\"1000\" src=\"https:\/\/wgphoto.pl\/t\/wp-content\/uploads\/2024\/12\/IMGP3555.jpg\" alt=\"\" class=\"wp-image-8486\" srcset=\"http:\/\/wgphoto.pl\/t\/wp-content\/uploads\/2024\/12\/IMGP3555.jpg 750w, http:\/\/wgphoto.pl\/t\/wp-content\/uploads\/2024\/12\/IMGP3555-225x300.jpg 225w\" sizes=\"auto, (max-width: 750px) 100vw, 750px\" \/><\/figure>\n\n\n\n<div class=\"wp-block-group has-global-padding is-layout-constrained wp-block-group-is-layout-constrained\">\n<p>Wroc\u0142aw, Podwale, \u0160koda 19T 3125 na objazdowej trasie linii 31 chwil\u0119 po letniej ulewie. [01.08.2023]<\/p>\n<\/div>\n","protected":false},"excerpt":{"rendered":"<p>Wroc\u0142aw, Podwale, \u0160koda 19T 3125 na objazdowej trasie linii 31 chwil\u0119 po letniej ulewie. [01.08.2023]<\/p>\n","protected":false},"author":1,"featured_media":8486,"comment_status":"open","ping_status":"","sticky":false,"template":"","format":"standard","meta":{"footnotes":""},"categories":[128,6,3],"tags":[2774,34,395,42,27,1493,216,41],"class_list":["post-8485","post","type-post","status-publish","format-standard","has-post-thumbnail","hentry","category-pionowe","category-2023r","category-tramwaj","tag-2023-08-01","tag-architektura","tag-lustro","tag-mpk-wroclaw","tag-polska","tag-skoda-19t","tag-skoda-elektra","tag-wroclaw"],"_links":{"self":[{"href":"http:\/\/wgphoto.pl\/t\/index.php?rest_route=\/wp\/v2\/posts\/8485","targetHints":{"allow":["GET"]}}],"collection":[{"href":"http:\/\/wgphoto.pl\/t\/index.php?rest_route=\/wp\/v2\/posts"}],"about":[{"href":"http:\/\/wgphoto.pl\/t\/index.php?rest_route=\/wp\/v2\/types\/post"}],"author":[{"embeddable":true,"href":"http:\/\/wgphoto.pl\/t\/index.php?rest_route=\/wp\/v2\/users\/1"}],"replies":[{"embeddable":true,"href":"http:\/\/wgphoto.pl\/t\/index.php?rest_route=%2Fwp%2Fv2%2Fcomments&post=8485"}],"version-history":[{"count":1,"href":"http:\/\/wgphoto.pl\/t\/index.php?rest_route=\/wp\/v2\/posts\/8485\/revisions"}],"predecessor-version":[{"id":8487,"href":"http:\/\/wgphoto.pl\/t\/index.php?rest_route=\/wp\/v2\/posts\/8485\/revisions\/8487"}],"wp:featuredmedia":[{"embeddable":true,"href":"http:\/\/wgphoto.pl\/t\/index.php?rest_route=\/wp\/v2\/media\/8486"}],"wp:attachment":[{"href":"http:\/\/wgphoto.pl\/t\/index.php?rest_route=%2Fwp%2Fv2%2Fmedia&parent=8485"}],"wp:term":[{"taxonomy":"category","embeddable":true,"href":"http:\/\/wgphoto.pl\/t\/index.php?rest_route=%2Fwp%2Fv2%2Fcategories&post=8485"},{"taxonomy":"post_tag","embeddable":true,"href":"http:\/\/wgphoto.pl\/t\/index.php?rest_route=%2Fwp%2Fv2%2Ftags&post=8485"}],"curies":[{"name":"wp","href":"https:\/\/api.w.org\/{rel}","templated":true}]}}