{"id":8503,"date":"2024-12-31T12:13:35","date_gmt":"2024-12-31T11:13:35","guid":{"rendered":"https:\/\/wgphoto.pl\/t\/?p=8503"},"modified":"2024-12-31T12:13:35","modified_gmt":"2024-12-31T11:13:35","slug":"hradcanska","status":"publish","type":"post","link":"http:\/\/wgphoto.pl\/t\/?p=8503","title":{"rendered":"Hrad\u010dansk\u00e1"},"content":{"rendered":"\n<figure class=\"wp-block-image aligncenter size-full\"><img loading=\"lazy\" decoding=\"async\" width=\"1300\" height=\"861\" src=\"https:\/\/wgphoto.pl\/t\/wp-content\/uploads\/2024\/12\/IMGP6764.jpg\" alt=\"\" class=\"wp-image-8505\" srcset=\"http:\/\/wgphoto.pl\/t\/wp-content\/uploads\/2024\/12\/IMGP6764.jpg 1300w, http:\/\/wgphoto.pl\/t\/wp-content\/uploads\/2024\/12\/IMGP6764-300x199.jpg 300w, http:\/\/wgphoto.pl\/t\/wp-content\/uploads\/2024\/12\/IMGP6764-768x509.jpg 768w\" sizes=\"auto, (max-width: 1300px) 100vw, 1300px\" \/><\/figure>\n\n\n\n<div class=\"wp-block-group has-global-padding is-layout-constrained wp-block-group-is-layout-constrained\">\n<p>Poci\u0105g linii A, prowadzony wagonem nr 3377, wje\u017cd\u017ca na &#8222;z\u0142ot\u0105&#8221; stacj\u0119 Hrad\u010dansk\u00e1 w Pradze. [26.03.2022]<\/p>\n<\/div>\n","protected":false},"excerpt":{"rendered":"<p>Poci\u0105g linii A, prowadzony wagonem nr 3377, wje\u017cd\u017ca na &#8222;z\u0142ot\u0105&#8221; stacj\u0119 Hrad\u010dansk\u00e1 w Pradze. [26.03.2022]<\/p>\n","protected":false},"author":1,"featured_media":8505,"comment_status":"open","ping_status":"","sticky":false,"template":"","format":"standard","meta":{"footnotes":""},"categories":[4,669],"tags":[2778,49,1049,2649,52,1505,15,1506],"class_list":["post-8503","post","type-post","status-publish","format-standard","has-post-thumbnail","hentry","category-metro","category-rok-2022","tag-2022-03-26","tag-czechy","tag-dp-praha","tag-metro-praha","tag-praga","tag-stacje-praskiego-metra","tag-tunel","tag-1506"],"_links":{"self":[{"href":"http:\/\/wgphoto.pl\/t\/index.php?rest_route=\/wp\/v2\/posts\/8503","targetHints":{"allow":["GET"]}}],"collection":[{"href":"http:\/\/wgphoto.pl\/t\/index.php?rest_route=\/wp\/v2\/posts"}],"about":[{"href":"http:\/\/wgphoto.pl\/t\/index.php?rest_route=\/wp\/v2\/types\/post"}],"author":[{"embeddable":true,"href":"http:\/\/wgphoto.pl\/t\/index.php?rest_route=\/wp\/v2\/users\/1"}],"replies":[{"embeddable":true,"href":"http:\/\/wgphoto.pl\/t\/index.php?rest_route=%2Fwp%2Fv2%2Fcomments&post=8503"}],"version-history":[{"count":1,"href":"http:\/\/wgphoto.pl\/t\/index.php?rest_route=\/wp\/v2\/posts\/8503\/revisions"}],"predecessor-version":[{"id":8506,"href":"http:\/\/wgphoto.pl\/t\/index.php?rest_route=\/wp\/v2\/posts\/8503\/revisions\/8506"}],"wp:featuredmedia":[{"embeddable":true,"href":"http:\/\/wgphoto.pl\/t\/index.php?rest_route=\/wp\/v2\/media\/8505"}],"wp:attachment":[{"href":"http:\/\/wgphoto.pl\/t\/index.php?rest_route=%2Fwp%2Fv2%2Fmedia&parent=8503"}],"wp:term":[{"taxonomy":"category","embeddable":true,"href":"http:\/\/wgphoto.pl\/t\/index.php?rest_route=%2Fwp%2Fv2%2Fcategories&post=8503"},{"taxonomy":"post_tag","embeddable":true,"href":"http:\/\/wgphoto.pl\/t\/index.php?rest_route=%2Fwp%2Fv2%2Ftags&post=8503"}],"curies":[{"name":"wp","href":"https:\/\/api.w.org\/{rel}","templated":true}]}}