{"id":8507,"date":"2024-12-31T12:14:43","date_gmt":"2024-12-31T11:14:43","guid":{"rendered":"https:\/\/wgphoto.pl\/t\/?p=8507"},"modified":"2024-12-31T12:14:43","modified_gmt":"2024-12-31T11:14:43","slug":"a-to-zaskoczenie","status":"publish","type":"post","link":"http:\/\/wgphoto.pl\/t\/?p=8507","title":{"rendered":"A to zaskoczenie"},"content":{"rendered":"\n<figure class=\"wp-block-image aligncenter size-full\"><img loading=\"lazy\" decoding=\"async\" width=\"1300\" height=\"861\" src=\"https:\/\/wgphoto.pl\/t\/wp-content\/uploads\/2024\/12\/IMGP7790.jpg\" alt=\"\" class=\"wp-image-8508\" srcset=\"http:\/\/wgphoto.pl\/t\/wp-content\/uploads\/2024\/12\/IMGP7790.jpg 1300w, http:\/\/wgphoto.pl\/t\/wp-content\/uploads\/2024\/12\/IMGP7790-300x199.jpg 300w, http:\/\/wgphoto.pl\/t\/wp-content\/uploads\/2024\/12\/IMGP7790-768x509.jpg 768w\" sizes=\"auto, (max-width: 1300px) 100vw, 1300px\" \/><\/figure>\n\n\n\n<div class=\"wp-block-group has-global-padding is-layout-constrained wp-block-group-is-layout-constrained\">\n<p>Kiedy jedziesz za granic\u0119, a tam takie sprz\u0119ty\u2026 Polska EP09-015 z dwoma czeskimi wagonami jako poci\u0105g nieznanego przeznaczenia stoi wieczorow\u0105 por\u0105 na dworcu g\u0142\u00f3wnym w O\u0142omu\u0144cu. [18.05.2022]<\/p>\n<\/div>\n","protected":false},"excerpt":{"rendered":"<p>Kiedy jedziesz za granic\u0119, a tam takie sprz\u0119ty\u2026 Polska EP09-015 z dwoma czeskimi wagonami jako poci\u0105g nieznanego przeznaczenia stoi wieczorow\u0105 por\u0105 na dworcu g\u0142\u00f3wnym w O\u0142omu\u0144cu. [18.05.2022]<\/p>\n","protected":false},"author":1,"featured_media":8508,"comment_status":"open","ping_status":"","sticky":false,"template":"","format":"standard","meta":{"footnotes":""},"categories":[2,669],"tags":[2168,49,2169,2461,249,2443,1012,24,63,90],"class_list":["post-8507","post","type-post","status-publish","format-standard","has-post-thumbnail","hentry","category-kolej","category-rok-2022","tag-2022-05-18","tag-czechy","tag-druga-majowka-2022","tag-ep09","tag-goscinne-wystepy","tag-olomouc-hlavni-nadrazi","tag-olomuniec","tag-perony","tag-pkp","tag-wieczorem"],"_links":{"self":[{"href":"http:\/\/wgphoto.pl\/t\/index.php?rest_route=\/wp\/v2\/posts\/8507","targetHints":{"allow":["GET"]}}],"collection":[{"href":"http:\/\/wgphoto.pl\/t\/index.php?rest_route=\/wp\/v2\/posts"}],"about":[{"href":"http:\/\/wgphoto.pl\/t\/index.php?rest_route=\/wp\/v2\/types\/post"}],"author":[{"embeddable":true,"href":"http:\/\/wgphoto.pl\/t\/index.php?rest_route=\/wp\/v2\/users\/1"}],"replies":[{"embeddable":true,"href":"http:\/\/wgphoto.pl\/t\/index.php?rest_route=%2Fwp%2Fv2%2Fcomments&post=8507"}],"version-history":[{"count":1,"href":"http:\/\/wgphoto.pl\/t\/index.php?rest_route=\/wp\/v2\/posts\/8507\/revisions"}],"predecessor-version":[{"id":8509,"href":"http:\/\/wgphoto.pl\/t\/index.php?rest_route=\/wp\/v2\/posts\/8507\/revisions\/8509"}],"wp:featuredmedia":[{"embeddable":true,"href":"http:\/\/wgphoto.pl\/t\/index.php?rest_route=\/wp\/v2\/media\/8508"}],"wp:attachment":[{"href":"http:\/\/wgphoto.pl\/t\/index.php?rest_route=%2Fwp%2Fv2%2Fmedia&parent=8507"}],"wp:term":[{"taxonomy":"category","embeddable":true,"href":"http:\/\/wgphoto.pl\/t\/index.php?rest_route=%2Fwp%2Fv2%2Fcategories&post=8507"},{"taxonomy":"post_tag","embeddable":true,"href":"http:\/\/wgphoto.pl\/t\/index.php?rest_route=%2Fwp%2Fv2%2Ftags&post=8507"}],"curies":[{"name":"wp","href":"https:\/\/api.w.org\/{rel}","templated":true}]}}