{"id":8556,"date":"2024-12-31T12:32:29","date_gmt":"2024-12-31T11:32:29","guid":{"rendered":"https:\/\/wgphoto.pl\/t\/?p=8556"},"modified":"2024-12-31T12:32:29","modified_gmt":"2024-12-31T11:32:29","slug":"laminatka-z-pasazerskim","status":"publish","type":"post","link":"http:\/\/wgphoto.pl\/t\/?p=8556","title":{"rendered":"Laminatka z pasa\u017cerskim"},"content":{"rendered":"\n<figure class=\"wp-block-image aligncenter size-full\"><img loading=\"lazy\" decoding=\"async\" width=\"1300\" height=\"861\" src=\"https:\/\/wgphoto.pl\/t\/wp-content\/uploads\/2024\/12\/0814-12.jpg\" alt=\"\" class=\"wp-image-8557\" srcset=\"http:\/\/wgphoto.pl\/t\/wp-content\/uploads\/2024\/12\/0814-12.jpg 1300w, http:\/\/wgphoto.pl\/t\/wp-content\/uploads\/2024\/12\/0814-12-300x199.jpg 300w, http:\/\/wgphoto.pl\/t\/wp-content\/uploads\/2024\/12\/0814-12-768x509.jpg 768w\" sizes=\"auto, (max-width: 1300px) 100vw, 1300px\" \/><\/figure>\n\n\n\n<div class=\"wp-block-group has-global-padding is-layout-constrained wp-block-group-is-layout-constrained\">\n<p>Brno hl.n. o bardzo wczesnym poranku. Laminatka 230.071-3 pojedzie o godz. 3:45 z poci\u0105giem 4001 do K\u0159enovic horn\u00edho n\u00e1dra\u017e\u00ed. To by\u0142 jedyny raz, gdy spotka\u0142em w Czechach poci\u0105g pasa\u017cerski prowadzony laminatk\u0105, nale\u017c\u0105c\u0105 swoj\u0105 drog\u0105 do \u010cD Cargo &#8211; takie wypo\u017cyczenia lokomotyw te\u017c zdarzaj\u0105 si\u0119 tam rzadko. [12.09.2008]<\/p>\n<\/div>\n","protected":false},"excerpt":{"rendered":"<p>Brno hl.n. o bardzo wczesnym poranku. Laminatka 230.071-3 pojedzie o godz. 3:45 z poci\u0105giem 4001 do K\u0159enovic horn\u00edho n\u00e1dra\u017e\u00ed. To by\u0142 jedyny raz, gdy spotka\u0142em w Czechach poci\u0105g pasa\u017cerski prowadzony laminatk\u0105, nale\u017c\u0105c\u0105 swoj\u0105 drog\u0105 do \u010cD Cargo &#8211; takie wypo\u017cyczenia lokomotyw te\u017c zdarzaj\u0105 si\u0119 tam rzadko. [12.09.2008]<\/p>\n","protected":false},"author":1,"featured_media":8557,"comment_status":"open","ping_status":"","sticky":false,"template":"","format":"standard","meta":{"footnotes":""},"categories":[62,2,120],"tags":[329,829,328,327,50,49,154,24],"class_list":["post-8556","post","type-post","status-publish","format-standard","has-post-thumbnail","hentry","category-analog","category-kolej","category-rok-2008","tag-2008-09-12","tag-829","tag-brno","tag-brno-hlavni-nadrazi","tag-cd","tag-czechy","tag-noc","tag-perony"],"_links":{"self":[{"href":"http:\/\/wgphoto.pl\/t\/index.php?rest_route=\/wp\/v2\/posts\/8556","targetHints":{"allow":["GET"]}}],"collection":[{"href":"http:\/\/wgphoto.pl\/t\/index.php?rest_route=\/wp\/v2\/posts"}],"about":[{"href":"http:\/\/wgphoto.pl\/t\/index.php?rest_route=\/wp\/v2\/types\/post"}],"author":[{"embeddable":true,"href":"http:\/\/wgphoto.pl\/t\/index.php?rest_route=\/wp\/v2\/users\/1"}],"replies":[{"embeddable":true,"href":"http:\/\/wgphoto.pl\/t\/index.php?rest_route=%2Fwp%2Fv2%2Fcomments&post=8556"}],"version-history":[{"count":1,"href":"http:\/\/wgphoto.pl\/t\/index.php?rest_route=\/wp\/v2\/posts\/8556\/revisions"}],"predecessor-version":[{"id":8558,"href":"http:\/\/wgphoto.pl\/t\/index.php?rest_route=\/wp\/v2\/posts\/8556\/revisions\/8558"}],"wp:featuredmedia":[{"embeddable":true,"href":"http:\/\/wgphoto.pl\/t\/index.php?rest_route=\/wp\/v2\/media\/8557"}],"wp:attachment":[{"href":"http:\/\/wgphoto.pl\/t\/index.php?rest_route=%2Fwp%2Fv2%2Fmedia&parent=8556"}],"wp:term":[{"taxonomy":"category","embeddable":true,"href":"http:\/\/wgphoto.pl\/t\/index.php?rest_route=%2Fwp%2Fv2%2Fcategories&post=8556"},{"taxonomy":"post_tag","embeddable":true,"href":"http:\/\/wgphoto.pl\/t\/index.php?rest_route=%2Fwp%2Fv2%2Ftags&post=8556"}],"curies":[{"name":"wp","href":"https:\/\/api.w.org\/{rel}","templated":true}]}}