{"id":8590,"date":"2025-01-01T21:17:55","date_gmt":"2025-01-01T20:17:55","guid":{"rendered":"https:\/\/wgphoto.pl\/t\/?p=8590"},"modified":"2025-01-01T21:17:55","modified_gmt":"2025-01-01T20:17:55","slug":"piatka-pod-poltegorem","status":"publish","type":"post","link":"http:\/\/wgphoto.pl\/t\/?p=8590","title":{"rendered":"Pi\u0105tka pod Poltegorem"},"content":{"rendered":"\n<figure class=\"wp-block-image aligncenter size-full\"><img loading=\"lazy\" decoding=\"async\" width=\"714\" height=\"1000\" src=\"https:\/\/wgphoto.pl\/t\/wp-content\/uploads\/2025\/01\/0601-33.jpg\" alt=\"\" class=\"wp-image-8591\" srcset=\"http:\/\/wgphoto.pl\/t\/wp-content\/uploads\/2025\/01\/0601-33.jpg 714w, http:\/\/wgphoto.pl\/t\/wp-content\/uploads\/2025\/01\/0601-33-214x300.jpg 214w\" sizes=\"auto, (max-width: 714px) 100vw, 714px\" \/><\/figure>\n\n\n\n<div class=\"wp-block-group has-global-padding is-layout-constrained wp-block-group-is-layout-constrained\">\n<p>Wroc\u0142aw, pl. Powsta\u0144c\u00f3w \u015al\u0105skich, 102Na 2034 na objazdowej trasie linii 5. [04.02.2006]<\/p>\n<\/div>\n","protected":false},"excerpt":{"rendered":"<p>Wroc\u0142aw, pl. Powsta\u0144c\u00f3w \u015al\u0105skich, 102Na 2034 na objazdowej trasie linii 5. [04.02.2006]<\/p>\n","protected":false},"author":1,"featured_media":8591,"comment_status":"open","ping_status":"","sticky":false,"template":"","format":"standard","meta":{"footnotes":""},"categories":[62,128,130,3],"tags":[2795,34,309,42,27,44,41],"class_list":["post-8590","post","type-post","status-publish","format-standard","has-post-thumbnail","hentry","category-analog","category-pionowe","category-rok-2006","category-tramwaj","tag-2006-02-04","tag-architektura","tag-konstal-102na","tag-mpk-wroclaw","tag-polska","tag-snieg","tag-wroclaw"],"_links":{"self":[{"href":"http:\/\/wgphoto.pl\/t\/index.php?rest_route=\/wp\/v2\/posts\/8590","targetHints":{"allow":["GET"]}}],"collection":[{"href":"http:\/\/wgphoto.pl\/t\/index.php?rest_route=\/wp\/v2\/posts"}],"about":[{"href":"http:\/\/wgphoto.pl\/t\/index.php?rest_route=\/wp\/v2\/types\/post"}],"author":[{"embeddable":true,"href":"http:\/\/wgphoto.pl\/t\/index.php?rest_route=\/wp\/v2\/users\/1"}],"replies":[{"embeddable":true,"href":"http:\/\/wgphoto.pl\/t\/index.php?rest_route=%2Fwp%2Fv2%2Fcomments&post=8590"}],"version-history":[{"count":1,"href":"http:\/\/wgphoto.pl\/t\/index.php?rest_route=\/wp\/v2\/posts\/8590\/revisions"}],"predecessor-version":[{"id":8592,"href":"http:\/\/wgphoto.pl\/t\/index.php?rest_route=\/wp\/v2\/posts\/8590\/revisions\/8592"}],"wp:featuredmedia":[{"embeddable":true,"href":"http:\/\/wgphoto.pl\/t\/index.php?rest_route=\/wp\/v2\/media\/8591"}],"wp:attachment":[{"href":"http:\/\/wgphoto.pl\/t\/index.php?rest_route=%2Fwp%2Fv2%2Fmedia&parent=8590"}],"wp:term":[{"taxonomy":"category","embeddable":true,"href":"http:\/\/wgphoto.pl\/t\/index.php?rest_route=%2Fwp%2Fv2%2Fcategories&post=8590"},{"taxonomy":"post_tag","embeddable":true,"href":"http:\/\/wgphoto.pl\/t\/index.php?rest_route=%2Fwp%2Fv2%2Ftags&post=8590"}],"curies":[{"name":"wp","href":"https:\/\/api.w.org\/{rel}","templated":true}]}}