{"id":8593,"date":"2025-01-01T21:18:51","date_gmt":"2025-01-01T20:18:51","guid":{"rendered":"https:\/\/wgphoto.pl\/t\/?p=8593"},"modified":"2025-01-01T21:18:51","modified_gmt":"2025-01-01T20:18:51","slug":"bezpravi","status":"publish","type":"post","link":"http:\/\/wgphoto.pl\/t\/?p=8593","title":{"rendered":"Bezpr\u00e1v\u00ed"},"content":{"rendered":"\n<figure class=\"wp-block-image aligncenter size-full\"><img loading=\"lazy\" decoding=\"async\" width=\"1300\" height=\"870\" src=\"https:\/\/wgphoto.pl\/t\/wp-content\/uploads\/2025\/01\/IMGP7901.jpg\" alt=\"\" class=\"wp-image-8594\" srcset=\"http:\/\/wgphoto.pl\/t\/wp-content\/uploads\/2025\/01\/IMGP7901.jpg 1300w, http:\/\/wgphoto.pl\/t\/wp-content\/uploads\/2025\/01\/IMGP7901-300x201.jpg 300w, http:\/\/wgphoto.pl\/t\/wp-content\/uploads\/2025\/01\/IMGP7901-768x514.jpg 768w\" sizes=\"auto, (max-width: 1300px) 100vw, 1300px\" \/><\/figure>\n\n\n\n<div class=\"wp-block-group has-global-padding is-layout-constrained wp-block-group-is-layout-constrained\">\n<p>Lokomotywa serii 151 z poci\u0105giem Ex 147 &#8222;Leo\u0161 Jan\u00e1\u010dek&#8221; relacji Praha hl.n. &#8211; \u017dilina mija Bezpr\u00e1v\u00ed na szlaku Brand\u00fds nad Orlic\u00ed &#8211; \u00dast\u00ed nad Orlic\u00ed. [20.04.2012]<\/p>\n<\/div>\n","protected":false},"excerpt":{"rendered":"<p>Lokomotywa serii 151 z poci\u0105giem Ex 147 &#8222;Leo\u0161 Jan\u00e1\u010dek&#8221; relacji Praha hl.n. &#8211; \u017dilina mija Bezpr\u00e1v\u00ed na szlaku Brand\u00fds nad Orlic\u00ed &#8211; \u00dast\u00ed nad Orlic\u00ed. [20.04.2012]<\/p>\n","protected":false},"author":1,"featured_media":8594,"comment_status":"open","ping_status":"","sticky":false,"template":"","format":"standard","meta":{"footnotes":""},"categories":[2,46],"tags":[1966,2796,1713,50,49,1375],"class_list":["post-8593","post","type-post","status-publish","format-standard","has-post-thumbnail","hentry","category-kolej","category-rok-2012","tag-1966","tag-2012-04-20","tag-bezpravi","tag-cd","tag-czechy","tag-tab-cz010"],"_links":{"self":[{"href":"http:\/\/wgphoto.pl\/t\/index.php?rest_route=\/wp\/v2\/posts\/8593","targetHints":{"allow":["GET"]}}],"collection":[{"href":"http:\/\/wgphoto.pl\/t\/index.php?rest_route=\/wp\/v2\/posts"}],"about":[{"href":"http:\/\/wgphoto.pl\/t\/index.php?rest_route=\/wp\/v2\/types\/post"}],"author":[{"embeddable":true,"href":"http:\/\/wgphoto.pl\/t\/index.php?rest_route=\/wp\/v2\/users\/1"}],"replies":[{"embeddable":true,"href":"http:\/\/wgphoto.pl\/t\/index.php?rest_route=%2Fwp%2Fv2%2Fcomments&post=8593"}],"version-history":[{"count":1,"href":"http:\/\/wgphoto.pl\/t\/index.php?rest_route=\/wp\/v2\/posts\/8593\/revisions"}],"predecessor-version":[{"id":8595,"href":"http:\/\/wgphoto.pl\/t\/index.php?rest_route=\/wp\/v2\/posts\/8593\/revisions\/8595"}],"wp:featuredmedia":[{"embeddable":true,"href":"http:\/\/wgphoto.pl\/t\/index.php?rest_route=\/wp\/v2\/media\/8594"}],"wp:attachment":[{"href":"http:\/\/wgphoto.pl\/t\/index.php?rest_route=%2Fwp%2Fv2%2Fmedia&parent=8593"}],"wp:term":[{"taxonomy":"category","embeddable":true,"href":"http:\/\/wgphoto.pl\/t\/index.php?rest_route=%2Fwp%2Fv2%2Fcategories&post=8593"},{"taxonomy":"post_tag","embeddable":true,"href":"http:\/\/wgphoto.pl\/t\/index.php?rest_route=%2Fwp%2Fv2%2Ftags&post=8593"}],"curies":[{"name":"wp","href":"https:\/\/api.w.org\/{rel}","templated":true}]}}