{"id":8608,"date":"2025-01-03T20:43:56","date_gmt":"2025-01-03T19:43:56","guid":{"rendered":"https:\/\/wgphoto.pl\/t\/?p=8608"},"modified":"2025-01-03T20:43:56","modified_gmt":"2025-01-03T19:43:56","slug":"vystaviste","status":"publish","type":"post","link":"http:\/\/wgphoto.pl\/t\/?p=8608","title":{"rendered":"V\u00fdstavi\u0161t\u011b"},"content":{"rendered":"\n<figure class=\"wp-block-image aligncenter size-full\"><img loading=\"lazy\" decoding=\"async\" width=\"1200\" height=\"900\" src=\"https:\/\/wgphoto.pl\/t\/wp-content\/uploads\/2025\/01\/dscf7877.jpg\" alt=\"\" class=\"wp-image-8609\" srcset=\"http:\/\/wgphoto.pl\/t\/wp-content\/uploads\/2025\/01\/dscf7877.jpg 1200w, http:\/\/wgphoto.pl\/t\/wp-content\/uploads\/2025\/01\/dscf7877-300x225.jpg 300w, http:\/\/wgphoto.pl\/t\/wp-content\/uploads\/2025\/01\/dscf7877-768x576.jpg 768w\" sizes=\"auto, (max-width: 1200px) 100vw, 1200px\" \/><\/figure>\n\n\n\n<div class=\"wp-block-group has-global-padding is-layout-constrained wp-block-group-is-layout-constrained\">\n<p>Praga, ul. Dukelsk\u00fdch hrdin\u016f. \u0160koda 14T nr 9155 zostawia za sob\u0105 kompleks teren\u00f3w wystawowych, a tak\u017ce zlewaj\u0105cy si\u0119 z t\u0142em wiadukt linii kolejowej do Kladna. 2008-11-10<\/p>\n<\/div>\n","protected":false},"excerpt":{"rendered":"<p>Praga, ul. Dukelsk\u00fdch hrdin\u016f. \u0160koda 14T nr 9155 zostawia za sob\u0105 kompleks teren\u00f3w wystawowych, a tak\u017ce zlewaj\u0105cy si\u0119 z t\u0142em wiadukt linii kolejowej do Kladna. 2008-11-10<\/p>\n","protected":false},"author":1,"featured_media":8609,"comment_status":"open","ping_status":"","sticky":false,"template":"","format":"standard","meta":{"footnotes":""},"categories":[120,3],"tags":[2058,34,49,1049,52,1496,216],"class_list":["post-8608","post","type-post","status-publish","format-standard","has-post-thumbnail","hentry","category-rok-2008","category-tramwaj","tag-2008-11-10","tag-architektura","tag-czechy","tag-dp-praha","tag-praga","tag-skoda-14t","tag-skoda-elektra"],"_links":{"self":[{"href":"http:\/\/wgphoto.pl\/t\/index.php?rest_route=\/wp\/v2\/posts\/8608","targetHints":{"allow":["GET"]}}],"collection":[{"href":"http:\/\/wgphoto.pl\/t\/index.php?rest_route=\/wp\/v2\/posts"}],"about":[{"href":"http:\/\/wgphoto.pl\/t\/index.php?rest_route=\/wp\/v2\/types\/post"}],"author":[{"embeddable":true,"href":"http:\/\/wgphoto.pl\/t\/index.php?rest_route=\/wp\/v2\/users\/1"}],"replies":[{"embeddable":true,"href":"http:\/\/wgphoto.pl\/t\/index.php?rest_route=%2Fwp%2Fv2%2Fcomments&post=8608"}],"version-history":[{"count":1,"href":"http:\/\/wgphoto.pl\/t\/index.php?rest_route=\/wp\/v2\/posts\/8608\/revisions"}],"predecessor-version":[{"id":8610,"href":"http:\/\/wgphoto.pl\/t\/index.php?rest_route=\/wp\/v2\/posts\/8608\/revisions\/8610"}],"wp:featuredmedia":[{"embeddable":true,"href":"http:\/\/wgphoto.pl\/t\/index.php?rest_route=\/wp\/v2\/media\/8609"}],"wp:attachment":[{"href":"http:\/\/wgphoto.pl\/t\/index.php?rest_route=%2Fwp%2Fv2%2Fmedia&parent=8608"}],"wp:term":[{"taxonomy":"category","embeddable":true,"href":"http:\/\/wgphoto.pl\/t\/index.php?rest_route=%2Fwp%2Fv2%2Fcategories&post=8608"},{"taxonomy":"post_tag","embeddable":true,"href":"http:\/\/wgphoto.pl\/t\/index.php?rest_route=%2Fwp%2Fv2%2Ftags&post=8608"}],"curies":[{"name":"wp","href":"https:\/\/api.w.org\/{rel}","templated":true}]}}