{"id":8634,"date":"2025-01-03T20:59:21","date_gmt":"2025-01-03T19:59:21","guid":{"rendered":"https:\/\/wgphoto.pl\/t\/?p=8634"},"modified":"2025-01-03T20:59:21","modified_gmt":"2025-01-03T19:59:21","slug":"klasyczna-hydra","status":"publish","type":"post","link":"http:\/\/wgphoto.pl\/t\/?p=8634","title":{"rendered":"Klasyczna hydra"},"content":{"rendered":"\n<figure class=\"wp-block-image aligncenter size-full\"><img loading=\"lazy\" decoding=\"async\" width=\"990\" height=\"660\" src=\"https:\/\/wgphoto.pl\/t\/wp-content\/uploads\/2025\/01\/2002j-03.jpg\" alt=\"\" class=\"wp-image-8635\" srcset=\"http:\/\/wgphoto.pl\/t\/wp-content\/uploads\/2025\/01\/2002j-03.jpg 990w, http:\/\/wgphoto.pl\/t\/wp-content\/uploads\/2025\/01\/2002j-03-300x200.jpg 300w, http:\/\/wgphoto.pl\/t\/wp-content\/uploads\/2025\/01\/2002j-03-768x512.jpg 768w\" sizes=\"auto, (max-width: 990px) 100vw, 990px\" \/><\/figure>\n\n\n\n<div class=\"wp-block-group has-global-padding is-layout-constrained wp-block-group-is-layout-constrained\">\n<p>Mezim\u011bst\u00ed. Obs\u0142uga poci\u0105gu zamienia par\u0119 s\u0142\u00f3w w chwil\u0119 przed odjazdem osob\u00f3wki 5101 do Doudleb n. Orlic\u00ed, prowadzonej niezmodernizowanym i posiadaj\u0105cym stary schemat malowania wagonem motorowym reprezentuj\u0105cym seri\u0119 852, obecnie w ca\u0142o\u015bci przebudowan\u0105 na 854.2. 03.05.2002<\/p>\n<\/div>\n","protected":false},"excerpt":{"rendered":"<p>Mezim\u011bst\u00ed. Obs\u0142uga poci\u0105gu zamienia par\u0119 s\u0142\u00f3w w chwil\u0119 przed odjazdem osob\u00f3wki 5101 do Doudleb n. Orlic\u00ed, prowadzonej niezmodernizowanym i posiadaj\u0105cym stary schemat malowania wagonem motorowym reprezentuj\u0105cym seri\u0119 852, obecnie w ca\u0142o\u015bci przebudowan\u0105 na 854.2. 03.05.2002<\/p>\n","protected":false},"author":1,"featured_media":8635,"comment_status":"open","ping_status":"","sticky":false,"template":"","format":"standard","meta":{"footnotes":""},"categories":[62,2,577],"tags":[2038,2799,50,49,151,495,24,1720],"class_list":["post-8634","post","type-post","status-publish","format-standard","has-post-thumbnail","hentry","category-analog","category-kolej","category-rok-2002","tag-2002-05-03","tag-2799","tag-cd","tag-czechy","tag-ludzie","tag-mezimesti","tag-perony","tag-tab-cz026"],"_links":{"self":[{"href":"http:\/\/wgphoto.pl\/t\/index.php?rest_route=\/wp\/v2\/posts\/8634","targetHints":{"allow":["GET"]}}],"collection":[{"href":"http:\/\/wgphoto.pl\/t\/index.php?rest_route=\/wp\/v2\/posts"}],"about":[{"href":"http:\/\/wgphoto.pl\/t\/index.php?rest_route=\/wp\/v2\/types\/post"}],"author":[{"embeddable":true,"href":"http:\/\/wgphoto.pl\/t\/index.php?rest_route=\/wp\/v2\/users\/1"}],"replies":[{"embeddable":true,"href":"http:\/\/wgphoto.pl\/t\/index.php?rest_route=%2Fwp%2Fv2%2Fcomments&post=8634"}],"version-history":[{"count":1,"href":"http:\/\/wgphoto.pl\/t\/index.php?rest_route=\/wp\/v2\/posts\/8634\/revisions"}],"predecessor-version":[{"id":8636,"href":"http:\/\/wgphoto.pl\/t\/index.php?rest_route=\/wp\/v2\/posts\/8634\/revisions\/8636"}],"wp:featuredmedia":[{"embeddable":true,"href":"http:\/\/wgphoto.pl\/t\/index.php?rest_route=\/wp\/v2\/media\/8635"}],"wp:attachment":[{"href":"http:\/\/wgphoto.pl\/t\/index.php?rest_route=%2Fwp%2Fv2%2Fmedia&parent=8634"}],"wp:term":[{"taxonomy":"category","embeddable":true,"href":"http:\/\/wgphoto.pl\/t\/index.php?rest_route=%2Fwp%2Fv2%2Fcategories&post=8634"},{"taxonomy":"post_tag","embeddable":true,"href":"http:\/\/wgphoto.pl\/t\/index.php?rest_route=%2Fwp%2Fv2%2Ftags&post=8634"}],"curies":[{"name":"wp","href":"https:\/\/api.w.org\/{rel}","templated":true}]}}