{"id":8637,"date":"2025-01-03T21:00:19","date_gmt":"2025-01-03T20:00:19","guid":{"rendered":"https:\/\/wgphoto.pl\/t\/?p=8637"},"modified":"2025-01-03T21:00:19","modified_gmt":"2025-01-03T20:00:19","slug":"ania-i-nurek","status":"publish","type":"post","link":"http:\/\/wgphoto.pl\/t\/?p=8637","title":{"rendered":"Ania i nurek"},"content":{"rendered":"\n<figure class=\"wp-block-image aligncenter size-full\"><img loading=\"lazy\" decoding=\"async\" width=\"990\" height=\"660\" src=\"https:\/\/wgphoto.pl\/t\/wp-content\/uploads\/2025\/01\/2002o-0a.jpg\" alt=\"\" class=\"wp-image-8638\" srcset=\"http:\/\/wgphoto.pl\/t\/wp-content\/uploads\/2025\/01\/2002o-0a.jpg 990w, http:\/\/wgphoto.pl\/t\/wp-content\/uploads\/2025\/01\/2002o-0a-300x200.jpg 300w, http:\/\/wgphoto.pl\/t\/wp-content\/uploads\/2025\/01\/2002o-0a-768x512.jpg 768w\" sizes=\"auto, (max-width: 990px) 100vw, 990px\" \/><\/figure>\n\n\n\n<div class=\"wp-block-group has-global-padding is-layout-constrained wp-block-group-is-layout-constrained\">\n<p>W peronach Trutnova hl.n. stoj\u0105: lu\u017any nurek z emblematem macierzystej lokomotywowni oraz \u015bwie\u017co zmodernizowana Andulka, kt\u00f3ra poprowadzi poci\u0105g osobowy 15411 do Jarom\u011b\u0159e. 28.06.2002<\/p>\n<\/div>\n","protected":false},"excerpt":{"rendered":"<p>W peronach Trutnova hl.n. stoj\u0105: lu\u017any nurek z emblematem macierzystej lokomotywowni oraz \u015bwie\u017co zmodernizowana Andulka, kt\u00f3ra poprowadzi poci\u0105g osobowy 15411 do Jarom\u011b\u0159e. 28.06.2002<\/p>\n","protected":false},"author":1,"featured_media":8638,"comment_status":"open","ping_status":"","sticky":false,"template":"","format":"standard","meta":{"footnotes":""},"categories":[62,2,577],"tags":[2800,1467,552,50,49,24,1917,2114],"class_list":["post-8637","post","type-post","status-publish","format-standard","has-post-thumbnail","hentry","category-analog","category-kolej","category-rok-2002","tag-2002-06-28","tag-1467","tag-552","tag-cd","tag-czechy","tag-perony","tag-tab-cz032","tag-trutnov-hlavni-nadrazi"],"_links":{"self":[{"href":"http:\/\/wgphoto.pl\/t\/index.php?rest_route=\/wp\/v2\/posts\/8637","targetHints":{"allow":["GET"]}}],"collection":[{"href":"http:\/\/wgphoto.pl\/t\/index.php?rest_route=\/wp\/v2\/posts"}],"about":[{"href":"http:\/\/wgphoto.pl\/t\/index.php?rest_route=\/wp\/v2\/types\/post"}],"author":[{"embeddable":true,"href":"http:\/\/wgphoto.pl\/t\/index.php?rest_route=\/wp\/v2\/users\/1"}],"replies":[{"embeddable":true,"href":"http:\/\/wgphoto.pl\/t\/index.php?rest_route=%2Fwp%2Fv2%2Fcomments&post=8637"}],"version-history":[{"count":1,"href":"http:\/\/wgphoto.pl\/t\/index.php?rest_route=\/wp\/v2\/posts\/8637\/revisions"}],"predecessor-version":[{"id":8639,"href":"http:\/\/wgphoto.pl\/t\/index.php?rest_route=\/wp\/v2\/posts\/8637\/revisions\/8639"}],"wp:featuredmedia":[{"embeddable":true,"href":"http:\/\/wgphoto.pl\/t\/index.php?rest_route=\/wp\/v2\/media\/8638"}],"wp:attachment":[{"href":"http:\/\/wgphoto.pl\/t\/index.php?rest_route=%2Fwp%2Fv2%2Fmedia&parent=8637"}],"wp:term":[{"taxonomy":"category","embeddable":true,"href":"http:\/\/wgphoto.pl\/t\/index.php?rest_route=%2Fwp%2Fv2%2Fcategories&post=8637"},{"taxonomy":"post_tag","embeddable":true,"href":"http:\/\/wgphoto.pl\/t\/index.php?rest_route=%2Fwp%2Fv2%2Ftags&post=8637"}],"curies":[{"name":"wp","href":"https:\/\/api.w.org\/{rel}","templated":true}]}}