{"id":8640,"date":"2025-01-03T21:01:19","date_gmt":"2025-01-03T20:01:19","guid":{"rendered":"https:\/\/wgphoto.pl\/t\/?p=8640"},"modified":"2025-01-03T21:01:19","modified_gmt":"2025-01-03T20:01:19","slug":"andulka","status":"publish","type":"post","link":"http:\/\/wgphoto.pl\/t\/?p=8640","title":{"rendered":"Andulka"},"content":{"rendered":"\n<figure class=\"wp-block-image aligncenter size-full\"><img loading=\"lazy\" decoding=\"async\" width=\"1300\" height=\"870\" src=\"https:\/\/wgphoto.pl\/t\/wp-content\/uploads\/2025\/01\/IMGP2448.jpg\" alt=\"\" class=\"wp-image-8641\" srcset=\"http:\/\/wgphoto.pl\/t\/wp-content\/uploads\/2025\/01\/IMGP2448.jpg 1300w, http:\/\/wgphoto.pl\/t\/wp-content\/uploads\/2025\/01\/IMGP2448-300x201.jpg 300w, http:\/\/wgphoto.pl\/t\/wp-content\/uploads\/2025\/01\/IMGP2448-768x514.jpg 768w\" sizes=\"auto, (max-width: 1300px) 100vw, 1300px\" \/><\/figure>\n\n\n\n<div class=\"wp-block-group has-global-padding is-layout-constrained wp-block-group-is-layout-constrained\">\n<p>Ania, znana z jednego z poprzednich zdj\u0119\u0107 wykonanych w Trutnovie, 8 lat p\u00f3\u017aniej pracowa\u0142a na drugim ko\u0144cu kraju. Na zdj\u0119ciu rusza ze stacji Plze\u0148-Ji\u017en\u00ed p\u0159edm\u011bst\u00ed z poci\u0105giem osobowym 7413 z Doma\u017elic do Pilzna. 2010-04-09<\/p>\n<\/div>\n","protected":false},"excerpt":{"rendered":"<p>Ania, znana z jednego z poprzednich zdj\u0119\u0107 wykonanych w Trutnovie, 8 lat p\u00f3\u017aniej pracowa\u0142a na drugim ko\u0144cu kraju. Na zdj\u0119ciu rusza ze stacji Plze\u0148-Ji\u017en\u00ed p\u0159edm\u011bst\u00ed z poci\u0105giem osobowym 7413 z Doma\u017elic do Pilzna. 2010-04-09<\/p>\n","protected":false},"author":1,"featured_media":8641,"comment_status":"open","ping_status":"","sticky":false,"template":"","format":"standard","meta":{"footnotes":""},"categories":[2,86],"tags":[2802,552,34,50,49,1675,2801,2061],"class_list":["post-8640","post","type-post","status-publish","format-standard","has-post-thumbnail","hentry","category-kolej","category-rok-2010","tag-2010-04-09","tag-552","tag-architektura","tag-cd","tag-czechy","tag-pilzno","tag-plzen-jizni-predmesti-2","tag-tab-cz180"],"_links":{"self":[{"href":"http:\/\/wgphoto.pl\/t\/index.php?rest_route=\/wp\/v2\/posts\/8640","targetHints":{"allow":["GET"]}}],"collection":[{"href":"http:\/\/wgphoto.pl\/t\/index.php?rest_route=\/wp\/v2\/posts"}],"about":[{"href":"http:\/\/wgphoto.pl\/t\/index.php?rest_route=\/wp\/v2\/types\/post"}],"author":[{"embeddable":true,"href":"http:\/\/wgphoto.pl\/t\/index.php?rest_route=\/wp\/v2\/users\/1"}],"replies":[{"embeddable":true,"href":"http:\/\/wgphoto.pl\/t\/index.php?rest_route=%2Fwp%2Fv2%2Fcomments&post=8640"}],"version-history":[{"count":1,"href":"http:\/\/wgphoto.pl\/t\/index.php?rest_route=\/wp\/v2\/posts\/8640\/revisions"}],"predecessor-version":[{"id":8642,"href":"http:\/\/wgphoto.pl\/t\/index.php?rest_route=\/wp\/v2\/posts\/8640\/revisions\/8642"}],"wp:featuredmedia":[{"embeddable":true,"href":"http:\/\/wgphoto.pl\/t\/index.php?rest_route=\/wp\/v2\/media\/8641"}],"wp:attachment":[{"href":"http:\/\/wgphoto.pl\/t\/index.php?rest_route=%2Fwp%2Fv2%2Fmedia&parent=8640"}],"wp:term":[{"taxonomy":"category","embeddable":true,"href":"http:\/\/wgphoto.pl\/t\/index.php?rest_route=%2Fwp%2Fv2%2Fcategories&post=8640"},{"taxonomy":"post_tag","embeddable":true,"href":"http:\/\/wgphoto.pl\/t\/index.php?rest_route=%2Fwp%2Fv2%2Ftags&post=8640"}],"curies":[{"name":"wp","href":"https:\/\/api.w.org\/{rel}","templated":true}]}}