{"id":8673,"date":"2025-01-03T21:15:10","date_gmt":"2025-01-03T20:15:10","guid":{"rendered":"https:\/\/wgphoto.pl\/t\/?p=8673"},"modified":"2025-01-03T21:15:10","modified_gmt":"2025-01-03T20:15:10","slug":"murcja","status":"publish","type":"post","link":"http:\/\/wgphoto.pl\/t\/?p=8673","title":{"rendered":"Murcja"},"content":{"rendered":"\n<figure class=\"wp-block-image aligncenter size-full\"><img loading=\"lazy\" decoding=\"async\" width=\"1200\" height=\"803\" src=\"https:\/\/wgphoto.pl\/t\/wp-content\/uploads\/2025\/01\/IMGP1206.jpg\" alt=\"\" class=\"wp-image-8674\" srcset=\"http:\/\/wgphoto.pl\/t\/wp-content\/uploads\/2025\/01\/IMGP1206.jpg 1200w, http:\/\/wgphoto.pl\/t\/wp-content\/uploads\/2025\/01\/IMGP1206-300x201.jpg 300w, http:\/\/wgphoto.pl\/t\/wp-content\/uploads\/2025\/01\/IMGP1206-768x514.jpg 768w\" sizes=\"auto, (max-width: 1200px) 100vw, 1200px\" \/><\/figure>\n\n\n\n<div class=\"wp-block-group has-global-padding is-layout-constrained wp-block-group-is-layout-constrained\">\n<p>Tramwaj linii L, b\u0119d\u0105cej dowoz\u00f3wk\u0105 do g\u0142\u00f3wnej trasy, obs\u0142ugiwanej przez lini\u0119 1, odjecha\u0142 w\u0142a\u015bnie z przystanku Guadalupe. Lini\u0119 L obs\u0142uguje jedna brygada z cz\u0119stotliwo\u015bci\u0105 20-30 min. Jej trasa jest w ca\u0142o\u015bci jednotorowa, lecz pozostawiono rezerw\u0119 terenu pod drugi tor (mi\u0119dzy istniej\u0105cym a drog\u0105 rowerow\u0105). 05.12.2012<\/p>\n<\/div>\n","protected":false},"excerpt":{"rendered":"<p>Tramwaj linii L, b\u0119d\u0105cej dowoz\u00f3wk\u0105 do g\u0142\u00f3wnej trasy, obs\u0142ugiwanej przez lini\u0119 1, odjecha\u0142 w\u0142a\u015bnie z przystanku Guadalupe. Lini\u0119 L obs\u0142uguje jedna brygada z cz\u0119stotliwo\u015bci\u0105 20-30 min. Jej trasa jest w ca\u0142o\u015bci jednotorowa, lecz pozostawiono rezerw\u0119 terenu pod drugi tor (mi\u0119dzy istniej\u0105cym a drog\u0105 rowerow\u0105). 05.12.2012<\/p>\n","protected":false},"author":1,"featured_media":8674,"comment_status":"open","ping_status":"","sticky":false,"template":"","format":"standard","meta":{"footnotes":""},"categories":[46,3],"tags":[1835,170,114,159,113,2033,2032],"class_list":["post-8673","post","type-post","status-publish","format-standard","has-post-thumbnail","hentry","category-rok-2012","category-tramwaj","tag-2012-12-05","tag-alstom-citadis302","tag-gory","tag-hiszpania","tag-landszaft","tag-murcja","tag-tranvia-de-murcia"],"_links":{"self":[{"href":"http:\/\/wgphoto.pl\/t\/index.php?rest_route=\/wp\/v2\/posts\/8673","targetHints":{"allow":["GET"]}}],"collection":[{"href":"http:\/\/wgphoto.pl\/t\/index.php?rest_route=\/wp\/v2\/posts"}],"about":[{"href":"http:\/\/wgphoto.pl\/t\/index.php?rest_route=\/wp\/v2\/types\/post"}],"author":[{"embeddable":true,"href":"http:\/\/wgphoto.pl\/t\/index.php?rest_route=\/wp\/v2\/users\/1"}],"replies":[{"embeddable":true,"href":"http:\/\/wgphoto.pl\/t\/index.php?rest_route=%2Fwp%2Fv2%2Fcomments&post=8673"}],"version-history":[{"count":1,"href":"http:\/\/wgphoto.pl\/t\/index.php?rest_route=\/wp\/v2\/posts\/8673\/revisions"}],"predecessor-version":[{"id":8675,"href":"http:\/\/wgphoto.pl\/t\/index.php?rest_route=\/wp\/v2\/posts\/8673\/revisions\/8675"}],"wp:featuredmedia":[{"embeddable":true,"href":"http:\/\/wgphoto.pl\/t\/index.php?rest_route=\/wp\/v2\/media\/8674"}],"wp:attachment":[{"href":"http:\/\/wgphoto.pl\/t\/index.php?rest_route=%2Fwp%2Fv2%2Fmedia&parent=8673"}],"wp:term":[{"taxonomy":"category","embeddable":true,"href":"http:\/\/wgphoto.pl\/t\/index.php?rest_route=%2Fwp%2Fv2%2Fcategories&post=8673"},{"taxonomy":"post_tag","embeddable":true,"href":"http:\/\/wgphoto.pl\/t\/index.php?rest_route=%2Fwp%2Fv2%2Ftags&post=8673"}],"curies":[{"name":"wp","href":"https:\/\/api.w.org\/{rel}","templated":true}]}}