{"id":8676,"date":"2025-01-03T21:16:44","date_gmt":"2025-01-03T20:16:44","guid":{"rendered":"https:\/\/wgphoto.pl\/t\/?p=8676"},"modified":"2025-01-03T21:16:44","modified_gmt":"2025-01-03T20:16:44","slug":"wieczorny-trolejbus","status":"publish","type":"post","link":"http:\/\/wgphoto.pl\/t\/?p=8676","title":{"rendered":"Wieczorny trolejbus"},"content":{"rendered":"\n<figure class=\"wp-block-image aligncenter size-full\"><img loading=\"lazy\" decoding=\"async\" width=\"1024\" height=\"683\" src=\"https:\/\/wgphoto.pl\/t\/wp-content\/uploads\/2025\/01\/IMGP3634.jpg\" alt=\"\" class=\"wp-image-8677\" srcset=\"http:\/\/wgphoto.pl\/t\/wp-content\/uploads\/2025\/01\/IMGP3634.jpg 1024w, http:\/\/wgphoto.pl\/t\/wp-content\/uploads\/2025\/01\/IMGP3634-300x200.jpg 300w, http:\/\/wgphoto.pl\/t\/wp-content\/uploads\/2025\/01\/IMGP3634-768x512.jpg 768w\" sizes=\"auto, (max-width: 1024px) 100vw, 1024px\" \/><\/figure>\n\n\n\n<div class=\"wp-block-group has-global-padding is-layout-constrained wp-block-group-is-layout-constrained\">\n<p>Wilno, skrzy\u017cowanie K\u0119stu\u010dio gatv\u0117 z S\u0117li\u0173 gatv\u0117. Dla zarejestrowana w tagach tego kraju pozbawionego komunikacji tramwajowej wybra\u0142em takie oto zdj\u0119cie pojazdu co prawda nieszynowego, lecz tak\u017ce nap\u0119dzanego pr\u0105dem, kt\u00f3re to foto pokona\u0142o w przedbiegach konkurencyjn\u0105 peron\u00f3wk\u0119 z gagarem. Powod\u00f3w przeciwko wyj\u0119ciu aparatu by\u0142o wiele (poza tym co wida\u0107 tak\u017ce zupe\u0142nie przemoczone buty oraz ch\u0119\u0107 szybkiego dotarcia tam gdzie sucho i ciep\u0142o), przewa\u017cy\u0142o jednak fotogeniczne \u015bwiat\u0142o. 27.05.2013<\/p>\n<\/div>\n","protected":false},"excerpt":{"rendered":"<p>Wilno, skrzy\u017cowanie K\u0119stu\u010dio gatv\u0117 z S\u0117li\u0173 gatv\u0117. Dla zarejestrowana w tagach tego kraju pozbawionego komunikacji tramwajowej wybra\u0142em takie oto zdj\u0119cie pojazdu co prawda nieszynowego, lecz tak\u017ce nap\u0119dzanego pr\u0105dem, kt\u00f3re to foto pokona\u0142o w przedbiegach konkurencyjn\u0105 peron\u00f3wk\u0119 z gagarem. Powod\u00f3w przeciwko wyj\u0119ciu aparatu by\u0142o wiele (poza tym co wida\u0107 tak\u017ce zupe\u0142nie przemoczone buty oraz ch\u0119\u0107 szybkiego [&hellip;]<\/p>\n","protected":false},"author":1,"featured_media":8677,"comment_status":"open","ping_status":"","sticky":false,"template":"","format":"standard","meta":{"footnotes":""},"categories":[220,55],"tags":[2804,13,612,2803,2478,90,2805],"class_list":["post-8676","post","type-post","status-publish","format-standard","has-post-thumbnail","hentry","category-blo","category-rok-2013","tag-2013-05-27","tag-deszcz","tag-druga-majowka-2013","tag-litwa","tag-trolejbus","tag-wieczorem","tag-wilno"],"_links":{"self":[{"href":"http:\/\/wgphoto.pl\/t\/index.php?rest_route=\/wp\/v2\/posts\/8676","targetHints":{"allow":["GET"]}}],"collection":[{"href":"http:\/\/wgphoto.pl\/t\/index.php?rest_route=\/wp\/v2\/posts"}],"about":[{"href":"http:\/\/wgphoto.pl\/t\/index.php?rest_route=\/wp\/v2\/types\/post"}],"author":[{"embeddable":true,"href":"http:\/\/wgphoto.pl\/t\/index.php?rest_route=\/wp\/v2\/users\/1"}],"replies":[{"embeddable":true,"href":"http:\/\/wgphoto.pl\/t\/index.php?rest_route=%2Fwp%2Fv2%2Fcomments&post=8676"}],"version-history":[{"count":1,"href":"http:\/\/wgphoto.pl\/t\/index.php?rest_route=\/wp\/v2\/posts\/8676\/revisions"}],"predecessor-version":[{"id":8678,"href":"http:\/\/wgphoto.pl\/t\/index.php?rest_route=\/wp\/v2\/posts\/8676\/revisions\/8678"}],"wp:featuredmedia":[{"embeddable":true,"href":"http:\/\/wgphoto.pl\/t\/index.php?rest_route=\/wp\/v2\/media\/8677"}],"wp:attachment":[{"href":"http:\/\/wgphoto.pl\/t\/index.php?rest_route=%2Fwp%2Fv2%2Fmedia&parent=8676"}],"wp:term":[{"taxonomy":"category","embeddable":true,"href":"http:\/\/wgphoto.pl\/t\/index.php?rest_route=%2Fwp%2Fv2%2Fcategories&post=8676"},{"taxonomy":"post_tag","embeddable":true,"href":"http:\/\/wgphoto.pl\/t\/index.php?rest_route=%2Fwp%2Fv2%2Ftags&post=8676"}],"curies":[{"name":"wp","href":"https:\/\/api.w.org\/{rel}","templated":true}]}}