{"id":8679,"date":"2025-01-03T21:18:39","date_gmt":"2025-01-03T20:18:39","guid":{"rendered":"https:\/\/wgphoto.pl\/t\/?p=8679"},"modified":"2025-01-03T22:03:15","modified_gmt":"2025-01-03T21:03:15","slug":"port-de-soller","status":"publish","type":"post","link":"http:\/\/wgphoto.pl\/t\/?p=8679","title":{"rendered":"Port de S\u00f3ller"},"content":{"rendered":"\n<figure class=\"wp-block-image aligncenter size-full\"><img loading=\"lazy\" decoding=\"async\" width=\"1400\" height=\"927\" src=\"https:\/\/wgphoto.pl\/t\/wp-content\/uploads\/2025\/01\/IMGP0315-1.jpg\" alt=\"\" class=\"wp-image-8718\" srcset=\"http:\/\/wgphoto.pl\/t\/wp-content\/uploads\/2025\/01\/IMGP0315-1.jpg 1400w, http:\/\/wgphoto.pl\/t\/wp-content\/uploads\/2025\/01\/IMGP0315-1-300x199.jpg 300w, http:\/\/wgphoto.pl\/t\/wp-content\/uploads\/2025\/01\/IMGP0315-1-768x509.jpg 768w\" sizes=\"auto, (max-width: 1400px) 100vw, 1400px\" \/><\/figure>\n\n\n\n<div class=\"wp-block-group has-global-padding is-layout-constrained wp-block-group-is-layout-constrained\">\n<p>Port de S\u00f3ller, Carrer de la Marina. Z turystycznej miejscowo\u015bci na p\u00f3\u0142nocnym wybrze\u017cu Majorki do pobliskiego S\u00f3ller po torze o rozstawie 914 mm kursuje tramwaj, kt\u00f3ry 30 dni przed wykonaniem zdj\u0119cia obchodzi\u0142 swoje stulecie. Blisko 5-kilometrowa trasa powi\u0105zana jest funkcjonalnie z kolej\u0105 Palma de Mallorca &#8211; S\u00f3ller, podobnie jak tramwaj pe\u0142ni\u0105c\u0105 dzi\u015b funkcj\u0119 atrakcji turystycznej. 2013-11-03<\/p>\n<\/div>\n","protected":false},"excerpt":{"rendered":"<p>Port de S\u00f3ller, Carrer de la Marina. Z turystycznej miejscowo\u015bci na p\u00f3\u0142nocnym wybrze\u017cu Majorki do pobliskiego S\u00f3ller po torze o rozstawie 914 mm kursuje tramwaj, kt\u00f3ry 30 dni przed wykonaniem zdj\u0119cia obchodzi\u0142 swoje stulecie. Blisko 5-kilometrowa trasa powi\u0105zana jest funkcjonalnie z kolej\u0105 Palma de Mallorca &#8211; S\u00f3ller, podobnie jak tramwaj pe\u0142ni\u0105c\u0105 dzi\u015b funkcj\u0119 atrakcji turystycznej. [&hellip;]<\/p>\n","protected":false},"author":1,"featured_media":8718,"comment_status":"open","ping_status":"","sticky":false,"template":"","format":"standard","meta":{"footnotes":""},"categories":[55,3],"tags":[1138,159,113,1139,116,1137],"class_list":["post-8679","post","type-post","status-publish","format-standard","has-post-thumbnail","hentry","category-rok-2013","category-tramwaj","tag-2013-11-03","tag-hiszpania","tag-landszaft","tag-majorka","tag-morze","tag-port-de-soller"],"_links":{"self":[{"href":"http:\/\/wgphoto.pl\/t\/index.php?rest_route=\/wp\/v2\/posts\/8679","targetHints":{"allow":["GET"]}}],"collection":[{"href":"http:\/\/wgphoto.pl\/t\/index.php?rest_route=\/wp\/v2\/posts"}],"about":[{"href":"http:\/\/wgphoto.pl\/t\/index.php?rest_route=\/wp\/v2\/types\/post"}],"author":[{"embeddable":true,"href":"http:\/\/wgphoto.pl\/t\/index.php?rest_route=\/wp\/v2\/users\/1"}],"replies":[{"embeddable":true,"href":"http:\/\/wgphoto.pl\/t\/index.php?rest_route=%2Fwp%2Fv2%2Fcomments&post=8679"}],"version-history":[{"count":2,"href":"http:\/\/wgphoto.pl\/t\/index.php?rest_route=\/wp\/v2\/posts\/8679\/revisions"}],"predecessor-version":[{"id":8719,"href":"http:\/\/wgphoto.pl\/t\/index.php?rest_route=\/wp\/v2\/posts\/8679\/revisions\/8719"}],"wp:featuredmedia":[{"embeddable":true,"href":"http:\/\/wgphoto.pl\/t\/index.php?rest_route=\/wp\/v2\/media\/8718"}],"wp:attachment":[{"href":"http:\/\/wgphoto.pl\/t\/index.php?rest_route=%2Fwp%2Fv2%2Fmedia&parent=8679"}],"wp:term":[{"taxonomy":"category","embeddable":true,"href":"http:\/\/wgphoto.pl\/t\/index.php?rest_route=%2Fwp%2Fv2%2Fcategories&post=8679"},{"taxonomy":"post_tag","embeddable":true,"href":"http:\/\/wgphoto.pl\/t\/index.php?rest_route=%2Fwp%2Fv2%2Ftags&post=8679"}],"curies":[{"name":"wp","href":"https:\/\/api.w.org\/{rel}","templated":true}]}}