{"id":8682,"date":"2025-01-03T21:21:07","date_gmt":"2025-01-03T20:21:07","guid":{"rendered":"https:\/\/wgphoto.pl\/t\/?p=8682"},"modified":"2025-01-03T21:21:07","modified_gmt":"2025-01-03T20:21:07","slug":"telgart-25","status":"publish","type":"post","link":"http:\/\/wgphoto.pl\/t\/?p=8682","title":{"rendered":"Telg\u00e1rt (2,5)"},"content":{"rendered":"\n<figure class=\"wp-block-image aligncenter size-full\"><img loading=\"lazy\" decoding=\"async\" width=\"600\" height=\"900\" src=\"https:\/\/wgphoto.pl\/t\/wp-content\/uploads\/2025\/01\/IMGP4321.jpg\" alt=\"\" class=\"wp-image-8683\" srcset=\"http:\/\/wgphoto.pl\/t\/wp-content\/uploads\/2025\/01\/IMGP4321.jpg 600w, http:\/\/wgphoto.pl\/t\/wp-content\/uploads\/2025\/01\/IMGP4321-200x300.jpg 200w\" sizes=\"auto, (max-width: 600px) 100vw, 600px\" \/><\/figure>\n\n\n\n<div class=\"wp-block-group has-global-padding is-layout-constrained wp-block-group-is-layout-constrained\">\n<p>Ma\u0142y motorak pod wielk\u0105 g\u00f3r\u0105. Widoczny w prawym g\u00f3rnym rogu maszt wie\u0144czy szczyt Kr\u00e1\u013eovej holi (1946 m n.p.m.). 2014-04-30<\/p>\n<\/div>\n","protected":false},"excerpt":{"rendered":"<p>Ma\u0142y motorak pod wielk\u0105 g\u00f3r\u0105. Widoczny w prawym g\u00f3rnym rogu maszt wie\u0144czy szczyt Kr\u00e1\u013eovej holi (1946 m n.p.m.). 2014-04-30<\/p>\n","protected":false},"author":1,"featured_media":8683,"comment_status":"open","ping_status":"","sticky":false,"template":"","format":"standard","meta":{"footnotes":""},"categories":[2,128,48],"tags":[2073,92,114,176,675,2074,469],"class_list":["post-8682","post","type-post","status-publish","format-standard","has-post-thumbnail","hentry","category-kolej","category-pionowe","category-rok-2014","tag-2014-04-30","tag-92","tag-gory","tag-rano","tag-slowacja","tag-telgart-penzion","tag-zssk"],"_links":{"self":[{"href":"http:\/\/wgphoto.pl\/t\/index.php?rest_route=\/wp\/v2\/posts\/8682","targetHints":{"allow":["GET"]}}],"collection":[{"href":"http:\/\/wgphoto.pl\/t\/index.php?rest_route=\/wp\/v2\/posts"}],"about":[{"href":"http:\/\/wgphoto.pl\/t\/index.php?rest_route=\/wp\/v2\/types\/post"}],"author":[{"embeddable":true,"href":"http:\/\/wgphoto.pl\/t\/index.php?rest_route=\/wp\/v2\/users\/1"}],"replies":[{"embeddable":true,"href":"http:\/\/wgphoto.pl\/t\/index.php?rest_route=%2Fwp%2Fv2%2Fcomments&post=8682"}],"version-history":[{"count":1,"href":"http:\/\/wgphoto.pl\/t\/index.php?rest_route=\/wp\/v2\/posts\/8682\/revisions"}],"predecessor-version":[{"id":8684,"href":"http:\/\/wgphoto.pl\/t\/index.php?rest_route=\/wp\/v2\/posts\/8682\/revisions\/8684"}],"wp:featuredmedia":[{"embeddable":true,"href":"http:\/\/wgphoto.pl\/t\/index.php?rest_route=\/wp\/v2\/media\/8683"}],"wp:attachment":[{"href":"http:\/\/wgphoto.pl\/t\/index.php?rest_route=%2Fwp%2Fv2%2Fmedia&parent=8682"}],"wp:term":[{"taxonomy":"category","embeddable":true,"href":"http:\/\/wgphoto.pl\/t\/index.php?rest_route=%2Fwp%2Fv2%2Fcategories&post=8682"},{"taxonomy":"post_tag","embeddable":true,"href":"http:\/\/wgphoto.pl\/t\/index.php?rest_route=%2Fwp%2Fv2%2Ftags&post=8682"}],"curies":[{"name":"wp","href":"https:\/\/api.w.org\/{rel}","templated":true}]}}