{"id":8685,"date":"2025-01-03T21:22:13","date_gmt":"2025-01-03T20:22:13","guid":{"rendered":"https:\/\/wgphoto.pl\/t\/?p=8685"},"modified":"2025-01-03T21:22:13","modified_gmt":"2025-01-03T20:22:13","slug":"240-133-9-bratislava-vinohrady","status":"publish","type":"post","link":"http:\/\/wgphoto.pl\/t\/?p=8685","title":{"rendered":"240 133-9, Bratislava-Vinohrady"},"content":{"rendered":"\n<figure class=\"wp-block-image aligncenter size-full\"><img loading=\"lazy\" decoding=\"async\" width=\"1050\" height=\"700\" src=\"https:\/\/wgphoto.pl\/t\/wp-content\/uploads\/2025\/01\/0719-22.jpg\" alt=\"\" class=\"wp-image-8686\" srcset=\"http:\/\/wgphoto.pl\/t\/wp-content\/uploads\/2025\/01\/0719-22.jpg 1050w, http:\/\/wgphoto.pl\/t\/wp-content\/uploads\/2025\/01\/0719-22-300x200.jpg 300w, http:\/\/wgphoto.pl\/t\/wp-content\/uploads\/2025\/01\/0719-22-768x512.jpg 768w\" sizes=\"auto, (max-width: 1050px) 100vw, 1050px\" \/><\/figure>\n\n\n\n<div class=\"wp-block-group has-global-padding is-layout-constrained wp-block-group-is-layout-constrained\">\n<p>Poci\u0105g, najpewniej pospieszny, z Bratislavy hl. st. do Pre\u0161ova zatrzymuje si\u0119 na tytu\u0142owym przystanku, na kt\u00f3ry zajrza\u0142em dzi\u0119ki s\u0105siedztwu p\u0119tli tramwajowej. 2007-08-08<\/p>\n<\/div>\n","protected":false},"excerpt":{"rendered":"<p>Poci\u0105g, najpewniej pospieszny, z Bratislavy hl. st. do Pre\u0161ova zatrzymuje si\u0119 na tytu\u0142owym przystanku, na kt\u00f3ry zajrza\u0142em dzi\u0119ki s\u0105siedztwu p\u0119tli tramwajowej. 2007-08-08<\/p>\n","protected":false},"author":1,"featured_media":8686,"comment_status":"open","ping_status":"","sticky":false,"template":"","format":"standard","meta":{"footnotes":""},"categories":[62,2,96],"tags":[1329,1913,2806,902,24,675,469],"class_list":["post-8685","post","type-post","status-publish","format-standard","has-post-thumbnail","hentry","category-analog","category-kolej","category-rok-2007","tag-2007-08-08","tag-1913","tag-bratislava-vinohrady","tag-bratyslawa","tag-perony","tag-slowacja","tag-zssk"],"_links":{"self":[{"href":"http:\/\/wgphoto.pl\/t\/index.php?rest_route=\/wp\/v2\/posts\/8685","targetHints":{"allow":["GET"]}}],"collection":[{"href":"http:\/\/wgphoto.pl\/t\/index.php?rest_route=\/wp\/v2\/posts"}],"about":[{"href":"http:\/\/wgphoto.pl\/t\/index.php?rest_route=\/wp\/v2\/types\/post"}],"author":[{"embeddable":true,"href":"http:\/\/wgphoto.pl\/t\/index.php?rest_route=\/wp\/v2\/users\/1"}],"replies":[{"embeddable":true,"href":"http:\/\/wgphoto.pl\/t\/index.php?rest_route=%2Fwp%2Fv2%2Fcomments&post=8685"}],"version-history":[{"count":1,"href":"http:\/\/wgphoto.pl\/t\/index.php?rest_route=\/wp\/v2\/posts\/8685\/revisions"}],"predecessor-version":[{"id":8687,"href":"http:\/\/wgphoto.pl\/t\/index.php?rest_route=\/wp\/v2\/posts\/8685\/revisions\/8687"}],"wp:featuredmedia":[{"embeddable":true,"href":"http:\/\/wgphoto.pl\/t\/index.php?rest_route=\/wp\/v2\/media\/8686"}],"wp:attachment":[{"href":"http:\/\/wgphoto.pl\/t\/index.php?rest_route=%2Fwp%2Fv2%2Fmedia&parent=8685"}],"wp:term":[{"taxonomy":"category","embeddable":true,"href":"http:\/\/wgphoto.pl\/t\/index.php?rest_route=%2Fwp%2Fv2%2Fcategories&post=8685"},{"taxonomy":"post_tag","embeddable":true,"href":"http:\/\/wgphoto.pl\/t\/index.php?rest_route=%2Fwp%2Fv2%2Ftags&post=8685"}],"curies":[{"name":"wp","href":"https:\/\/api.w.org\/{rel}","templated":true}]}}