{"id":8688,"date":"2025-01-03T21:23:15","date_gmt":"2025-01-03T20:23:15","guid":{"rendered":"https:\/\/wgphoto.pl\/t\/?p=8688"},"modified":"2025-01-03T21:23:15","modified_gmt":"2025-01-03T20:23:15","slug":"240-072-9-bratislava-hl-st","status":"publish","type":"post","link":"http:\/\/wgphoto.pl\/t\/?p=8688","title":{"rendered":"240 072-9, Bratislava hl. st."},"content":{"rendered":"\n<figure class=\"wp-block-image aligncenter size-full\"><img loading=\"lazy\" decoding=\"async\" width=\"1100\" height=\"700\" src=\"https:\/\/wgphoto.pl\/t\/wp-content\/uploads\/2025\/01\/0720-02.jpg\" alt=\"\" class=\"wp-image-8689\" srcset=\"http:\/\/wgphoto.pl\/t\/wp-content\/uploads\/2025\/01\/0720-02.jpg 1100w, http:\/\/wgphoto.pl\/t\/wp-content\/uploads\/2025\/01\/0720-02-300x191.jpg 300w, http:\/\/wgphoto.pl\/t\/wp-content\/uploads\/2025\/01\/0720-02-768x489.jpg 768w\" sizes=\"auto, (max-width: 1100px) 100vw, 1100px\" \/><\/figure>\n\n\n\n<div class=\"wp-block-group has-global-padding is-layout-constrained wp-block-group-is-layout-constrained\">\n<p>Pi\u0119kna laminatka wkr\u00f3tce odjedzie z zat\u0142oczonego dworca g\u0142\u00f3wnego w Bratys\u0142awie z poci\u0105giem osobowym do stacji K\u00faty. Po lewej stronie widoczny jest austriacki wagon sterowniczy wchodz\u0105cy w sk\u0142ad poci\u0105gu regionalnego do Wiednia przez Marchegg. 2007-08-08<\/p>\n<\/div>\n","protected":false},"excerpt":{"rendered":"<p>Pi\u0119kna laminatka wkr\u00f3tce odjedzie z zat\u0142oczonego dworca g\u0142\u00f3wnego w Bratys\u0142awie z poci\u0105giem osobowym do stacji K\u00faty. Po lewej stronie widoczny jest austriacki wagon sterowniczy wchodz\u0105cy w sk\u0142ad poci\u0105gu regionalnego do Wiednia przez Marchegg. 2007-08-08<\/p>\n","protected":false},"author":1,"featured_media":8689,"comment_status":"open","ping_status":"","sticky":false,"template":"","format":"standard","meta":{"footnotes":""},"categories":[62,2,96],"tags":[1329,1913,2807,902,249,11,24,675,1869,469],"class_list":["post-8688","post","type-post","status-publish","format-standard","has-post-thumbnail","hentry","category-analog","category-kolej","category-rok-2007","tag-2007-08-08","tag-1913","tag-bratislava-hlavna-stanica","tag-bratyslawa","tag-goscinne-wystepy","tag-obb","tag-perony","tag-slowacja","tag-wagon-sterowniczy","tag-zssk"],"_links":{"self":[{"href":"http:\/\/wgphoto.pl\/t\/index.php?rest_route=\/wp\/v2\/posts\/8688","targetHints":{"allow":["GET"]}}],"collection":[{"href":"http:\/\/wgphoto.pl\/t\/index.php?rest_route=\/wp\/v2\/posts"}],"about":[{"href":"http:\/\/wgphoto.pl\/t\/index.php?rest_route=\/wp\/v2\/types\/post"}],"author":[{"embeddable":true,"href":"http:\/\/wgphoto.pl\/t\/index.php?rest_route=\/wp\/v2\/users\/1"}],"replies":[{"embeddable":true,"href":"http:\/\/wgphoto.pl\/t\/index.php?rest_route=%2Fwp%2Fv2%2Fcomments&post=8688"}],"version-history":[{"count":1,"href":"http:\/\/wgphoto.pl\/t\/index.php?rest_route=\/wp\/v2\/posts\/8688\/revisions"}],"predecessor-version":[{"id":8690,"href":"http:\/\/wgphoto.pl\/t\/index.php?rest_route=\/wp\/v2\/posts\/8688\/revisions\/8690"}],"wp:featuredmedia":[{"embeddable":true,"href":"http:\/\/wgphoto.pl\/t\/index.php?rest_route=\/wp\/v2\/media\/8689"}],"wp:attachment":[{"href":"http:\/\/wgphoto.pl\/t\/index.php?rest_route=%2Fwp%2Fv2%2Fmedia&parent=8688"}],"wp:term":[{"taxonomy":"category","embeddable":true,"href":"http:\/\/wgphoto.pl\/t\/index.php?rest_route=%2Fwp%2Fv2%2Fcategories&post=8688"},{"taxonomy":"post_tag","embeddable":true,"href":"http:\/\/wgphoto.pl\/t\/index.php?rest_route=%2Fwp%2Fv2%2Ftags&post=8688"}],"curies":[{"name":"wp","href":"https:\/\/api.w.org\/{rel}","templated":true}]}}