{"id":8694,"date":"2025-01-03T21:27:35","date_gmt":"2025-01-03T20:27:35","guid":{"rendered":"https:\/\/wgphoto.pl\/t\/?p=8694"},"modified":"2025-01-03T21:27:35","modified_gmt":"2025-01-03T20:27:35","slug":"caf-urbos-nr-520","status":"publish","type":"post","link":"http:\/\/wgphoto.pl\/t\/?p=8694","title":{"rendered":"CAF Urbos nr 520"},"content":{"rendered":"\n<figure class=\"wp-block-image aligncenter size-full\"><img loading=\"lazy\" decoding=\"async\" width=\"1050\" height=\"700\" src=\"https:\/\/wgphoto.pl\/t\/wp-content\/uploads\/2025\/01\/IMGP6131.jpg\" alt=\"\" class=\"wp-image-8695\" srcset=\"http:\/\/wgphoto.pl\/t\/wp-content\/uploads\/2025\/01\/IMGP6131.jpg 1050w, http:\/\/wgphoto.pl\/t\/wp-content\/uploads\/2025\/01\/IMGP6131-300x200.jpg 300w, http:\/\/wgphoto.pl\/t\/wp-content\/uploads\/2025\/01\/IMGP6131-768x512.jpg 768w\" sizes=\"auto, (max-width: 1050px) 100vw, 1050px\" \/><\/figure>\n\n\n\n<div class=\"wp-block-group has-global-padding is-layout-constrained wp-block-group-is-layout-constrained\">\n<p>Debreczyn, Piac utca. Owoc hiszpa\u0144skiej my\u015bli technicznej, ca\u0142kiem sympatyczny nawet, cho\u0107 nie mog\u0142em oprze\u0107 si\u0119 wra\u017ceniu, \u017ce jest kopi\u0105 bardzo popularnego w Hiszpanii modelu Citadis 302 od Alstoma, odje\u017cd\u017ca z przedostatniego przystanku na swej trasie. Ten \u015br\u00f3dmiejski odcinek wiod\u0105cy w\u015br\u00f3d mniej lub bardziej okaza\u0142ych kamienic, zas\u0142oni\u0119tych o tej porze roku bujnymi lipami, u\u017cytkowany jest przez obie tutejsze linie tramwajowe. Pech chcia\u0142, \u017ce akurat w czasie mojego pobytu trwa\u0142a kilkudniowa vyluka na linii 1. 21.06.2014<\/p>\n<\/div>\n","protected":false},"excerpt":{"rendered":"<p>Debreczyn, Piac utca. Owoc hiszpa\u0144skiej my\u015bli technicznej, ca\u0142kiem sympatyczny nawet, cho\u0107 nie mog\u0142em oprze\u0107 si\u0119 wra\u017ceniu, \u017ce jest kopi\u0105 bardzo popularnego w Hiszpanii modelu Citadis 302 od Alstoma, odje\u017cd\u017ca z przedostatniego przystanku na swej trasie. Ten \u015br\u00f3dmiejski odcinek wiod\u0105cy w\u015br\u00f3d mniej lub bardziej okaza\u0142ych kamienic, zas\u0142oni\u0119tych o tej porze roku bujnymi lipami, u\u017cytkowany jest przez [&hellip;]<\/p>\n","protected":false},"author":1,"featured_media":8695,"comment_status":"open","ping_status":"","sticky":false,"template":"","format":"standard","meta":{"footnotes":""},"categories":[48,3],"tags":[1108,157,2190,2808,105],"class_list":["post-8694","post","type-post","status-publish","format-standard","has-post-thumbnail","hentry","category-rok-2014","category-tramwaj","tag-2014-06-21","tag-caf-urbos","tag-debreczyn","tag-dkv-debrecen","tag-wegry"],"_links":{"self":[{"href":"http:\/\/wgphoto.pl\/t\/index.php?rest_route=\/wp\/v2\/posts\/8694","targetHints":{"allow":["GET"]}}],"collection":[{"href":"http:\/\/wgphoto.pl\/t\/index.php?rest_route=\/wp\/v2\/posts"}],"about":[{"href":"http:\/\/wgphoto.pl\/t\/index.php?rest_route=\/wp\/v2\/types\/post"}],"author":[{"embeddable":true,"href":"http:\/\/wgphoto.pl\/t\/index.php?rest_route=\/wp\/v2\/users\/1"}],"replies":[{"embeddable":true,"href":"http:\/\/wgphoto.pl\/t\/index.php?rest_route=%2Fwp%2Fv2%2Fcomments&post=8694"}],"version-history":[{"count":1,"href":"http:\/\/wgphoto.pl\/t\/index.php?rest_route=\/wp\/v2\/posts\/8694\/revisions"}],"predecessor-version":[{"id":8696,"href":"http:\/\/wgphoto.pl\/t\/index.php?rest_route=\/wp\/v2\/posts\/8694\/revisions\/8696"}],"wp:featuredmedia":[{"embeddable":true,"href":"http:\/\/wgphoto.pl\/t\/index.php?rest_route=\/wp\/v2\/media\/8695"}],"wp:attachment":[{"href":"http:\/\/wgphoto.pl\/t\/index.php?rest_route=%2Fwp%2Fv2%2Fmedia&parent=8694"}],"wp:term":[{"taxonomy":"category","embeddable":true,"href":"http:\/\/wgphoto.pl\/t\/index.php?rest_route=%2Fwp%2Fv2%2Fcategories&post=8694"},{"taxonomy":"post_tag","embeddable":true,"href":"http:\/\/wgphoto.pl\/t\/index.php?rest_route=%2Fwp%2Fv2%2Ftags&post=8694"}],"curies":[{"name":"wp","href":"https:\/\/api.w.org\/{rel}","templated":true}]}}