{"id":8697,"date":"2025-01-03T21:29:02","date_gmt":"2025-01-03T20:29:02","guid":{"rendered":"https:\/\/wgphoto.pl\/t\/?p=8697"},"modified":"2025-01-03T21:29:02","modified_gmt":"2025-01-03T20:29:02","slug":"klasyk-serii-460","status":"publish","type":"post","link":"http:\/\/wgphoto.pl\/t\/?p=8697","title":{"rendered":"Klasyk serii 460"},"content":{"rendered":"\n<figure class=\"wp-block-image aligncenter size-full\"><img loading=\"lazy\" decoding=\"async\" width=\"1050\" height=\"700\" src=\"https:\/\/wgphoto.pl\/t\/wp-content\/uploads\/2025\/01\/IMGP5731.jpg\" alt=\"\" class=\"wp-image-8698\" srcset=\"http:\/\/wgphoto.pl\/t\/wp-content\/uploads\/2025\/01\/IMGP5731.jpg 1050w, http:\/\/wgphoto.pl\/t\/wp-content\/uploads\/2025\/01\/IMGP5731-300x200.jpg 300w, http:\/\/wgphoto.pl\/t\/wp-content\/uploads\/2025\/01\/IMGP5731-768x512.jpg 768w\" sizes=\"auto, (max-width: 1050px) 100vw, 1050px\" \/><\/figure>\n\n\n\n<div class=\"wp-block-group has-global-padding is-layout-constrained wp-block-group-is-layout-constrained\">\n<p>Taki sobie knot ze stacji Micha\u013eany ze s\u0142owackim egzemplarzem serii 460 (po tagach mo\u017cna dotrze\u0107 do analogicznych pojazd\u00f3w je\u017cd\u017c\u0105cych w Czechach), posiadaj\u0105cym oryginalny schemat malowania z czas\u00f3w, gdy \u015bwiat by\u0142 prosty i przewidywalny, a czechos\u0142owackie pojazdy malowano wed\u0142ug ustalonych schemat\u00f3w: =3kV na zielono, ~25kV na czerwono, a dwusystemowe na niebiesko. Prezentowana jednostka obs\u0142uguje poci\u0105g osobowy jad\u0105cy najprawdopodobniej z \u010ciernej nad Tisou do Ko\u0161ic. 2010-08-07<\/p>\n<\/div>\n","protected":false},"excerpt":{"rendered":"<p>Taki sobie knot ze stacji Micha\u013eany ze s\u0142owackim egzemplarzem serii 460 (po tagach mo\u017cna dotrze\u0107 do analogicznych pojazd\u00f3w je\u017cd\u017c\u0105cych w Czechach), posiadaj\u0105cym oryginalny schemat malowania z czas\u00f3w, gdy \u015bwiat by\u0142 prosty i przewidywalny, a czechos\u0142owackie pojazdy malowano wed\u0142ug ustalonych schemat\u00f3w: =3kV na zielono, ~25kV na czerwono, a dwusystemowe na niebiesko. Prezentowana jednostka obs\u0142uguje poci\u0105g osobowy [&hellip;]<\/p>\n","protected":false},"author":1,"featured_media":8698,"comment_status":"open","ping_status":"","sticky":false,"template":"","format":"standard","meta":{"footnotes":""},"categories":[2,86],"tags":[2415,1398,151,2809,24,675,90,469],"class_list":["post-8697","post","type-post","status-publish","format-standard","has-post-thumbnail","hentry","category-kolej","category-rok-2010","tag-2010-08-07","tag-1398","tag-ludzie","tag-michalany","tag-perony","tag-slowacja","tag-wieczorem","tag-zssk"],"_links":{"self":[{"href":"http:\/\/wgphoto.pl\/t\/index.php?rest_route=\/wp\/v2\/posts\/8697","targetHints":{"allow":["GET"]}}],"collection":[{"href":"http:\/\/wgphoto.pl\/t\/index.php?rest_route=\/wp\/v2\/posts"}],"about":[{"href":"http:\/\/wgphoto.pl\/t\/index.php?rest_route=\/wp\/v2\/types\/post"}],"author":[{"embeddable":true,"href":"http:\/\/wgphoto.pl\/t\/index.php?rest_route=\/wp\/v2\/users\/1"}],"replies":[{"embeddable":true,"href":"http:\/\/wgphoto.pl\/t\/index.php?rest_route=%2Fwp%2Fv2%2Fcomments&post=8697"}],"version-history":[{"count":1,"href":"http:\/\/wgphoto.pl\/t\/index.php?rest_route=\/wp\/v2\/posts\/8697\/revisions"}],"predecessor-version":[{"id":8699,"href":"http:\/\/wgphoto.pl\/t\/index.php?rest_route=\/wp\/v2\/posts\/8697\/revisions\/8699"}],"wp:featuredmedia":[{"embeddable":true,"href":"http:\/\/wgphoto.pl\/t\/index.php?rest_route=\/wp\/v2\/media\/8698"}],"wp:attachment":[{"href":"http:\/\/wgphoto.pl\/t\/index.php?rest_route=%2Fwp%2Fv2%2Fmedia&parent=8697"}],"wp:term":[{"taxonomy":"category","embeddable":true,"href":"http:\/\/wgphoto.pl\/t\/index.php?rest_route=%2Fwp%2Fv2%2Fcategories&post=8697"},{"taxonomy":"post_tag","embeddable":true,"href":"http:\/\/wgphoto.pl\/t\/index.php?rest_route=%2Fwp%2Fv2%2Ftags&post=8697"}],"curies":[{"name":"wp","href":"https:\/\/api.w.org\/{rel}","templated":true}]}}