{"id":8700,"date":"2025-01-03T21:30:24","date_gmt":"2025-01-03T20:30:24","guid":{"rendered":"https:\/\/wgphoto.pl\/t\/?p=8700"},"modified":"2025-01-03T21:30:24","modified_gmt":"2025-01-03T20:30:24","slug":"spod-dworca-2","status":"publish","type":"post","link":"http:\/\/wgphoto.pl\/t\/?p=8700","title":{"rendered":"Spod dworca"},"content":{"rendered":"\n<figure class=\"wp-block-image aligncenter size-full\"><img loading=\"lazy\" decoding=\"async\" width=\"1050\" height=\"700\" src=\"https:\/\/wgphoto.pl\/t\/wp-content\/uploads\/2025\/01\/IMGP5734.jpg\" alt=\"\" class=\"wp-image-8701\" srcset=\"http:\/\/wgphoto.pl\/t\/wp-content\/uploads\/2025\/01\/IMGP5734.jpg 1050w, http:\/\/wgphoto.pl\/t\/wp-content\/uploads\/2025\/01\/IMGP5734-300x200.jpg 300w, http:\/\/wgphoto.pl\/t\/wp-content\/uploads\/2025\/01\/IMGP5734-768x512.jpg 768w\" sizes=\"auto, (max-width: 1050px) 100vw, 1050px\" \/><\/figure>\n\n\n\n<div class=\"wp-block-group has-global-padding is-layout-constrained wp-block-group-is-layout-constrained\">\n<p>Koszyce, Stani\u010dn\u00e9 n\u00e1mestie. To jest w zasadzie jedyne udane zdj\u0119cie tramwaju z Koszyc w moich zbiorach. &#8222;Spod dworca&#8221;, czyli zrobione przypadkiem, dla odhaczenia w rejestrach kolejnej sieci tramwajowej, kt\u00f3rej nie uda\u0142o mi si\u0119 pozna\u0107 prawie wcale. 2010-08-07<\/p>\n<\/div>\n","protected":false},"excerpt":{"rendered":"<p>Koszyce, Stani\u010dn\u00e9 n\u00e1mestie. To jest w zasadzie jedyne udane zdj\u0119cie tramwaju z Koszyc w moich zbiorach. &#8222;Spod dworca&#8221;, czyli zrobione przypadkiem, dla odhaczenia w rejestrach kolejnej sieci tramwajowej, kt\u00f3rej nie uda\u0142o mi si\u0119 pozna\u0107 prawie wcale. 2010-08-07<\/p>\n","protected":false},"author":1,"featured_media":8701,"comment_status":"open","ping_status":"","sticky":false,"template":"","format":"standard","meta":{"footnotes":""},"categories":[86,3],"tags":[2415,91,1359,1358,675,380,841,90],"class_list":["post-8700","post","type-post","status-publish","format-standard","has-post-thumbnail","hentry","category-rok-2010","category-tramwaj","tag-2010-08-07","tag-blue-hour","tag-dpmk-kosice","tag-koszyce","tag-slowacja","tag-spod-dworca","tag-tatra-t6","tag-wieczorem"],"_links":{"self":[{"href":"http:\/\/wgphoto.pl\/t\/index.php?rest_route=\/wp\/v2\/posts\/8700","targetHints":{"allow":["GET"]}}],"collection":[{"href":"http:\/\/wgphoto.pl\/t\/index.php?rest_route=\/wp\/v2\/posts"}],"about":[{"href":"http:\/\/wgphoto.pl\/t\/index.php?rest_route=\/wp\/v2\/types\/post"}],"author":[{"embeddable":true,"href":"http:\/\/wgphoto.pl\/t\/index.php?rest_route=\/wp\/v2\/users\/1"}],"replies":[{"embeddable":true,"href":"http:\/\/wgphoto.pl\/t\/index.php?rest_route=%2Fwp%2Fv2%2Fcomments&post=8700"}],"version-history":[{"count":1,"href":"http:\/\/wgphoto.pl\/t\/index.php?rest_route=\/wp\/v2\/posts\/8700\/revisions"}],"predecessor-version":[{"id":8702,"href":"http:\/\/wgphoto.pl\/t\/index.php?rest_route=\/wp\/v2\/posts\/8700\/revisions\/8702"}],"wp:featuredmedia":[{"embeddable":true,"href":"http:\/\/wgphoto.pl\/t\/index.php?rest_route=\/wp\/v2\/media\/8701"}],"wp:attachment":[{"href":"http:\/\/wgphoto.pl\/t\/index.php?rest_route=%2Fwp%2Fv2%2Fmedia&parent=8700"}],"wp:term":[{"taxonomy":"category","embeddable":true,"href":"http:\/\/wgphoto.pl\/t\/index.php?rest_route=%2Fwp%2Fv2%2Fcategories&post=8700"},{"taxonomy":"post_tag","embeddable":true,"href":"http:\/\/wgphoto.pl\/t\/index.php?rest_route=%2Fwp%2Fv2%2Ftags&post=8700"}],"curies":[{"name":"wp","href":"https:\/\/api.w.org\/{rel}","templated":true}]}}