{"id":8706,"date":"2025-01-03T21:32:33","date_gmt":"2025-01-03T20:32:33","guid":{"rendered":"https:\/\/wgphoto.pl\/t\/?p=8706"},"modified":"2025-01-03T21:32:33","modified_gmt":"2025-01-03T20:32:33","slug":"162-005-3-cadca","status":"publish","type":"post","link":"http:\/\/wgphoto.pl\/t\/?p=8706","title":{"rendered":"162 005-3, \u010cadca"},"content":{"rendered":"\n<figure class=\"wp-block-image aligncenter size-full\"><img loading=\"lazy\" decoding=\"async\" width=\"1050\" height=\"700\" src=\"https:\/\/wgphoto.pl\/t\/wp-content\/uploads\/2025\/01\/IMGP5741.jpg\" alt=\"\" class=\"wp-image-8707\" srcset=\"http:\/\/wgphoto.pl\/t\/wp-content\/uploads\/2025\/01\/IMGP5741.jpg 1050w, http:\/\/wgphoto.pl\/t\/wp-content\/uploads\/2025\/01\/IMGP5741-300x200.jpg 300w, http:\/\/wgphoto.pl\/t\/wp-content\/uploads\/2025\/01\/IMGP5741-768x512.jpg 768w\" sizes=\"auto, (max-width: 1050px) 100vw, 1050px\" \/><\/figure>\n\n\n\n<div class=\"wp-block-group has-global-padding is-layout-constrained wp-block-group-is-layout-constrained\">\n<p>Peron\u00f3weczka o \u015bwicie. Nie mam poj\u0119cia co to za poci\u0105g. Raczej nie b\u0119dzie to osobowy do Katowic, kt\u00f3rym si\u0119 st\u0105d wydosta\u0142em, bo rzeczony zaczyna\u0142 zapewne bieg w \u017dilinie i nie mia\u0142 w \u010cadcy wystarczaj\u0105co d\u0142ugiego postoju, aby umo\u017cliwi\u0107 sprint na k\u0142adk\u0119. 2010-08-08<\/p>\n<\/div>\n","protected":false},"excerpt":{"rendered":"<p>Peron\u00f3weczka o \u015bwicie. Nie mam poj\u0119cia co to za poci\u0105g. Raczej nie b\u0119dzie to osobowy do Katowic, kt\u00f3rym si\u0119 st\u0105d wydosta\u0142em, bo rzeczony zaczyna\u0142 zapewne bieg w \u017dilinie i nie mia\u0142 w \u010cadcy wystarczaj\u0105co d\u0142ugiego postoju, aby umo\u017cliwi\u0107 sprint na k\u0142adk\u0119. 2010-08-08<\/p>\n","protected":false},"author":1,"featured_media":8707,"comment_status":"open","ping_status":"","sticky":false,"template":"","format":"standard","meta":{"footnotes":""},"categories":[2,86],"tags":[1656,2811,2810,24,176,675,469],"class_list":["post-8706","post","type-post","status-publish","format-standard","has-post-thumbnail","hentry","category-kolej","category-rok-2010","tag-1656","tag-2010-08-08","tag-cadca","tag-perony","tag-rano","tag-slowacja","tag-zssk"],"_links":{"self":[{"href":"http:\/\/wgphoto.pl\/t\/index.php?rest_route=\/wp\/v2\/posts\/8706","targetHints":{"allow":["GET"]}}],"collection":[{"href":"http:\/\/wgphoto.pl\/t\/index.php?rest_route=\/wp\/v2\/posts"}],"about":[{"href":"http:\/\/wgphoto.pl\/t\/index.php?rest_route=\/wp\/v2\/types\/post"}],"author":[{"embeddable":true,"href":"http:\/\/wgphoto.pl\/t\/index.php?rest_route=\/wp\/v2\/users\/1"}],"replies":[{"embeddable":true,"href":"http:\/\/wgphoto.pl\/t\/index.php?rest_route=%2Fwp%2Fv2%2Fcomments&post=8706"}],"version-history":[{"count":1,"href":"http:\/\/wgphoto.pl\/t\/index.php?rest_route=\/wp\/v2\/posts\/8706\/revisions"}],"predecessor-version":[{"id":8708,"href":"http:\/\/wgphoto.pl\/t\/index.php?rest_route=\/wp\/v2\/posts\/8706\/revisions\/8708"}],"wp:featuredmedia":[{"embeddable":true,"href":"http:\/\/wgphoto.pl\/t\/index.php?rest_route=\/wp\/v2\/media\/8707"}],"wp:attachment":[{"href":"http:\/\/wgphoto.pl\/t\/index.php?rest_route=%2Fwp%2Fv2%2Fmedia&parent=8706"}],"wp:term":[{"taxonomy":"category","embeddable":true,"href":"http:\/\/wgphoto.pl\/t\/index.php?rest_route=%2Fwp%2Fv2%2Fcategories&post=8706"},{"taxonomy":"post_tag","embeddable":true,"href":"http:\/\/wgphoto.pl\/t\/index.php?rest_route=%2Fwp%2Fv2%2Ftags&post=8706"}],"curies":[{"name":"wp","href":"https:\/\/api.w.org\/{rel}","templated":true}]}}