{"id":8709,"date":"2025-01-03T21:33:47","date_gmt":"2025-01-03T20:33:47","guid":{"rendered":"https:\/\/wgphoto.pl\/t\/?p=8709"},"modified":"2025-01-03T21:33:47","modified_gmt":"2025-01-03T20:33:47","slug":"tatra-pod-flaga-rumunska","status":"publish","type":"post","link":"http:\/\/wgphoto.pl\/t\/?p=8709","title":{"rendered":"Tatra pod flag\u0105 rumu\u0144sk\u0105"},"content":{"rendered":"\n<figure class=\"wp-block-image aligncenter size-full\"><img loading=\"lazy\" decoding=\"async\" width=\"1050\" height=\"700\" src=\"https:\/\/wgphoto.pl\/t\/wp-content\/uploads\/2025\/01\/IMGP6111.jpg\" alt=\"\" class=\"wp-image-8710\" srcset=\"http:\/\/wgphoto.pl\/t\/wp-content\/uploads\/2025\/01\/IMGP6111.jpg 1050w, http:\/\/wgphoto.pl\/t\/wp-content\/uploads\/2025\/01\/IMGP6111-300x200.jpg 300w, http:\/\/wgphoto.pl\/t\/wp-content\/uploads\/2025\/01\/IMGP6111-768x512.jpg 768w\" sizes=\"auto, (max-width: 1050px) 100vw, 1050px\" \/><\/figure>\n\n\n\n<div class=\"wp-block-group has-global-padding is-layout-constrained wp-block-group-is-layout-constrained\">\n<p>Oradea, Bulevardul Dimitrie Cantemir. Z okazji debiutu kraju prezentuj\u0119 foto z barwami narodowymi w kadrze. W roli g\u0142\u00f3wnej wyst\u0119puje ex-magdeburski zestaw T4D+B4D 4+104. Jego malowanie nie jest wcale zak\u0142adowym &#8211; tu ka\u017cdy tramwaj ma swoje w\u0142asne. 2014-06-21<\/p>\n<\/div>\n","protected":false},"excerpt":{"rendered":"<p>Oradea, Bulevardul Dimitrie Cantemir. Z okazji debiutu kraju prezentuj\u0119 foto z barwami narodowymi w kadrze. W roli g\u0142\u00f3wnej wyst\u0119puje ex-magdeburski zestaw T4D+B4D 4+104. Jego malowanie nie jest wcale zak\u0142adowym &#8211; tu ka\u017cdy tramwaj ma swoje w\u0142asne. 2014-06-21<\/p>\n","protected":false},"author":1,"featured_media":8710,"comment_status":"open","ping_status":"","sticky":false,"template":"","format":"standard","meta":{"footnotes":""},"categories":[48,3],"tags":[1108,494,1109,1110,574,1112],"class_list":["post-8709","post","type-post","status-publish","format-standard","has-post-thumbnail","hentry","category-rok-2014","category-tramwaj","tag-2014-06-21","tag-flaga","tag-oradea","tag-otl-oradea","tag-rumunia","tag-tatra-t4"],"_links":{"self":[{"href":"http:\/\/wgphoto.pl\/t\/index.php?rest_route=\/wp\/v2\/posts\/8709","targetHints":{"allow":["GET"]}}],"collection":[{"href":"http:\/\/wgphoto.pl\/t\/index.php?rest_route=\/wp\/v2\/posts"}],"about":[{"href":"http:\/\/wgphoto.pl\/t\/index.php?rest_route=\/wp\/v2\/types\/post"}],"author":[{"embeddable":true,"href":"http:\/\/wgphoto.pl\/t\/index.php?rest_route=\/wp\/v2\/users\/1"}],"replies":[{"embeddable":true,"href":"http:\/\/wgphoto.pl\/t\/index.php?rest_route=%2Fwp%2Fv2%2Fcomments&post=8709"}],"version-history":[{"count":1,"href":"http:\/\/wgphoto.pl\/t\/index.php?rest_route=\/wp\/v2\/posts\/8709\/revisions"}],"predecessor-version":[{"id":8711,"href":"http:\/\/wgphoto.pl\/t\/index.php?rest_route=\/wp\/v2\/posts\/8709\/revisions\/8711"}],"wp:featuredmedia":[{"embeddable":true,"href":"http:\/\/wgphoto.pl\/t\/index.php?rest_route=\/wp\/v2\/media\/8710"}],"wp:attachment":[{"href":"http:\/\/wgphoto.pl\/t\/index.php?rest_route=%2Fwp%2Fv2%2Fmedia&parent=8709"}],"wp:term":[{"taxonomy":"category","embeddable":true,"href":"http:\/\/wgphoto.pl\/t\/index.php?rest_route=%2Fwp%2Fv2%2Fcategories&post=8709"},{"taxonomy":"post_tag","embeddable":true,"href":"http:\/\/wgphoto.pl\/t\/index.php?rest_route=%2Fwp%2Fv2%2Ftags&post=8709"}],"curies":[{"name":"wp","href":"https:\/\/api.w.org\/{rel}","templated":true}]}}