{"id":8723,"date":"2025-01-04T22:22:19","date_gmt":"2025-01-04T21:22:19","guid":{"rendered":"https:\/\/wgphoto.pl\/t\/?p=8723"},"modified":"2025-01-04T22:22:19","modified_gmt":"2025-01-04T21:22:19","slug":"zielone-torowisko-2","status":"publish","type":"post","link":"http:\/\/wgphoto.pl\/t\/?p=8723","title":{"rendered":"Zielone torowisko"},"content":{"rendered":"\n<figure class=\"wp-block-image aligncenter size-full\"><img loading=\"lazy\" decoding=\"async\" width=\"1050\" height=\"700\" src=\"https:\/\/wgphoto.pl\/t\/wp-content\/uploads\/2025\/01\/IMGP5783.jpg\" alt=\"\" class=\"wp-image-8724\" srcset=\"http:\/\/wgphoto.pl\/t\/wp-content\/uploads\/2025\/01\/IMGP5783.jpg 1050w, http:\/\/wgphoto.pl\/t\/wp-content\/uploads\/2025\/01\/IMGP5783-300x200.jpg 300w, http:\/\/wgphoto.pl\/t\/wp-content\/uploads\/2025\/01\/IMGP5783-768x512.jpg 768w\" sizes=\"auto, (max-width: 1050px) 100vw, 1050px\" \/><\/figure>\n\n\n\n<div class=\"wp-block-group has-global-padding is-layout-constrained wp-block-group-is-layout-constrained\">\n<p>Debreczyn, Thomas Mann utca. Na kilkusetmetrowym odcinku nowej trasy mi\u0119dzy szynami ro\u015bnie trawa, kt\u00f3ra zdaje si\u0119 by\u0107 w nieco lepszej formie od wyst\u0119puj\u0105cej w s\u0105siaduj\u0105cym z ulic\u0105 parku. 20.06.2014<\/p>\n<\/div>\n","protected":false},"excerpt":{"rendered":"<p>Debreczyn, Thomas Mann utca. Na kilkusetmetrowym odcinku nowej trasy mi\u0119dzy szynami ro\u015bnie trawa, kt\u00f3ra zdaje si\u0119 by\u0107 w nieco lepszej formie od wyst\u0119puj\u0105cej w s\u0105siaduj\u0105cym z ulic\u0105 parku. 20.06.2014<\/p>\n","protected":false},"author":1,"featured_media":8724,"comment_status":"open","ping_status":"","sticky":false,"template":"","format":"standard","meta":{"footnotes":""},"categories":[48,3],"tags":[2189,157,2190,2808,105],"class_list":["post-8723","post","type-post","status-publish","format-standard","has-post-thumbnail","hentry","category-rok-2014","category-tramwaj","tag-2014-06-20","tag-caf-urbos","tag-debreczyn","tag-dkv-debrecen","tag-wegry"],"_links":{"self":[{"href":"http:\/\/wgphoto.pl\/t\/index.php?rest_route=\/wp\/v2\/posts\/8723","targetHints":{"allow":["GET"]}}],"collection":[{"href":"http:\/\/wgphoto.pl\/t\/index.php?rest_route=\/wp\/v2\/posts"}],"about":[{"href":"http:\/\/wgphoto.pl\/t\/index.php?rest_route=\/wp\/v2\/types\/post"}],"author":[{"embeddable":true,"href":"http:\/\/wgphoto.pl\/t\/index.php?rest_route=\/wp\/v2\/users\/1"}],"replies":[{"embeddable":true,"href":"http:\/\/wgphoto.pl\/t\/index.php?rest_route=%2Fwp%2Fv2%2Fcomments&post=8723"}],"version-history":[{"count":1,"href":"http:\/\/wgphoto.pl\/t\/index.php?rest_route=\/wp\/v2\/posts\/8723\/revisions"}],"predecessor-version":[{"id":8725,"href":"http:\/\/wgphoto.pl\/t\/index.php?rest_route=\/wp\/v2\/posts\/8723\/revisions\/8725"}],"wp:featuredmedia":[{"embeddable":true,"href":"http:\/\/wgphoto.pl\/t\/index.php?rest_route=\/wp\/v2\/media\/8724"}],"wp:attachment":[{"href":"http:\/\/wgphoto.pl\/t\/index.php?rest_route=%2Fwp%2Fv2%2Fmedia&parent=8723"}],"wp:term":[{"taxonomy":"category","embeddable":true,"href":"http:\/\/wgphoto.pl\/t\/index.php?rest_route=%2Fwp%2Fv2%2Fcategories&post=8723"},{"taxonomy":"post_tag","embeddable":true,"href":"http:\/\/wgphoto.pl\/t\/index.php?rest_route=%2Fwp%2Fv2%2Ftags&post=8723"}],"curies":[{"name":"wp","href":"https:\/\/api.w.org\/{rel}","templated":true}]}}