{"id":8726,"date":"2025-01-04T22:23:19","date_gmt":"2025-01-04T21:23:19","guid":{"rendered":"https:\/\/wgphoto.pl\/t\/?p=8726"},"modified":"2025-01-04T22:23:19","modified_gmt":"2025-01-04T21:23:19","slug":"514-po-raz-trzeci","status":"publish","type":"post","link":"http:\/\/wgphoto.pl\/t\/?p=8726","title":{"rendered":"514 po raz trzeci"},"content":{"rendered":"\n<figure class=\"wp-block-image aligncenter size-full\"><img loading=\"lazy\" decoding=\"async\" width=\"1300\" height=\"861\" src=\"https:\/\/wgphoto.pl\/t\/wp-content\/uploads\/2025\/01\/IMGP5820.jpg\" alt=\"\" class=\"wp-image-8727\" srcset=\"http:\/\/wgphoto.pl\/t\/wp-content\/uploads\/2025\/01\/IMGP5820.jpg 1300w, http:\/\/wgphoto.pl\/t\/wp-content\/uploads\/2025\/01\/IMGP5820-300x199.jpg 300w, http:\/\/wgphoto.pl\/t\/wp-content\/uploads\/2025\/01\/IMGP5820-768x509.jpg 768w\" sizes=\"auto, (max-width: 1300px) 100vw, 1300px\" \/><\/figure>\n\n\n\n<div class=\"wp-block-group has-global-padding is-layout-constrained wp-block-group-is-layout-constrained\">\n<p>Debreczyn, Kossuth t\u00e9r. Wagon 514 odje\u017cd\u017ca z przystanku zlokalizowanego na tutejszym rynku, w cieniu Wielkiego Ko\u015bcio\u0142a Protestanckiego. W trakcie mojego pobytu w Debreczynie nie do\u015b\u0107 \u017ce nie kursowa\u0142a linia 1, to jeszcze najbardziej charakterystyczny obiekt, z jakim mo\u017cna tu sfotografowa\u0107 tramwaj, przyozdobiono akurat jakimi\u015b szmatami. I na dodatek po raz trzeci docelowe foto uda\u0142o mi si\u0119 pope\u0142ni\u0107, gdy pojawi\u0142 si\u0119 zn\u00f3w ten sam wagon. Wszystko \u017ale. \ud83d\ude09 2014-06-20<\/p>\n<\/div>\n","protected":false},"excerpt":{"rendered":"<p>Debreczyn, Kossuth t\u00e9r. Wagon 514 odje\u017cd\u017ca z przystanku zlokalizowanego na tutejszym rynku, w cieniu Wielkiego Ko\u015bcio\u0142a Protestanckiego. W trakcie mojego pobytu w Debreczynie nie do\u015b\u0107 \u017ce nie kursowa\u0142a linia 1, to jeszcze najbardziej charakterystyczny obiekt, z jakim mo\u017cna tu sfotografowa\u0107 tramwaj, przyozdobiono akurat jakimi\u015b szmatami. I na dodatek po raz trzeci docelowe foto uda\u0142o mi [&hellip;]<\/p>\n","protected":false},"author":1,"featured_media":8727,"comment_status":"open","ping_status":"","sticky":false,"template":"","format":"standard","meta":{"footnotes":""},"categories":[48,3],"tags":[2189,34,157,2190,239,2808,105],"class_list":["post-8726","post","type-post","status-publish","format-standard","has-post-thumbnail","hentry","category-rok-2014","category-tramwaj","tag-2014-06-20","tag-architektura","tag-caf-urbos","tag-debreczyn","tag-deptak","tag-dkv-debrecen","tag-wegry"],"_links":{"self":[{"href":"http:\/\/wgphoto.pl\/t\/index.php?rest_route=\/wp\/v2\/posts\/8726","targetHints":{"allow":["GET"]}}],"collection":[{"href":"http:\/\/wgphoto.pl\/t\/index.php?rest_route=\/wp\/v2\/posts"}],"about":[{"href":"http:\/\/wgphoto.pl\/t\/index.php?rest_route=\/wp\/v2\/types\/post"}],"author":[{"embeddable":true,"href":"http:\/\/wgphoto.pl\/t\/index.php?rest_route=\/wp\/v2\/users\/1"}],"replies":[{"embeddable":true,"href":"http:\/\/wgphoto.pl\/t\/index.php?rest_route=%2Fwp%2Fv2%2Fcomments&post=8726"}],"version-history":[{"count":1,"href":"http:\/\/wgphoto.pl\/t\/index.php?rest_route=\/wp\/v2\/posts\/8726\/revisions"}],"predecessor-version":[{"id":8728,"href":"http:\/\/wgphoto.pl\/t\/index.php?rest_route=\/wp\/v2\/posts\/8726\/revisions\/8728"}],"wp:featuredmedia":[{"embeddable":true,"href":"http:\/\/wgphoto.pl\/t\/index.php?rest_route=\/wp\/v2\/media\/8727"}],"wp:attachment":[{"href":"http:\/\/wgphoto.pl\/t\/index.php?rest_route=%2Fwp%2Fv2%2Fmedia&parent=8726"}],"wp:term":[{"taxonomy":"category","embeddable":true,"href":"http:\/\/wgphoto.pl\/t\/index.php?rest_route=%2Fwp%2Fv2%2Fcategories&post=8726"},{"taxonomy":"post_tag","embeddable":true,"href":"http:\/\/wgphoto.pl\/t\/index.php?rest_route=%2Fwp%2Fv2%2Ftags&post=8726"}],"curies":[{"name":"wp","href":"https:\/\/api.w.org\/{rel}","templated":true}]}}