{"id":8733,"date":"2025-01-04T22:25:40","date_gmt":"2025-01-04T21:25:40","guid":{"rendered":"https:\/\/wgphoto.pl\/t\/?p=8733"},"modified":"2025-01-04T22:25:40","modified_gmt":"2025-01-04T21:25:40","slug":"tramwajowe-znaki","status":"publish","type":"post","link":"http:\/\/wgphoto.pl\/t\/?p=8733","title":{"rendered":"Tramwajowe znaki"},"content":{"rendered":"\n<figure class=\"wp-block-image aligncenter size-full\"><img loading=\"lazy\" decoding=\"async\" width=\"1050\" height=\"700\" src=\"https:\/\/wgphoto.pl\/t\/wp-content\/uploads\/2025\/01\/IMGP5787.jpg\" alt=\"\" class=\"wp-image-8734\" srcset=\"http:\/\/wgphoto.pl\/t\/wp-content\/uploads\/2025\/01\/IMGP5787.jpg 1050w, http:\/\/wgphoto.pl\/t\/wp-content\/uploads\/2025\/01\/IMGP5787-300x200.jpg 300w, http:\/\/wgphoto.pl\/t\/wp-content\/uploads\/2025\/01\/IMGP5787-768x512.jpg 768w\" sizes=\"auto, (max-width: 1050px) 100vw, 1050px\" \/><\/figure>\n\n\n\n<div class=\"wp-block-group has-global-padding is-layout-constrained wp-block-group-is-layout-constrained\">\n<p>Debreczyn, Thomas Mann utca. Wagon 515 zatrzymuje si\u0119 na przystanku Dienes L\u00e1szl\u00f3 Gimn\u00e1zium. Okr\u0105g\u0142y znak zawieszony na odci\u0105gu sieci trakcyjnej na pierwszym planie to odwo\u0142anie ograniczenia pr\u0119dko\u015bci obowi\u0105zuj\u0105cego na \u0142uku przed przystankiem. W tle za\u015b wida\u0107 znak okre\u015blaj\u0105cy dopuszczaln\u0105 pr\u0119dko\u015b\u0107 na zwrotnicy zjazdowej. 20.06.2014<\/p>\n<\/div>\n","protected":false},"excerpt":{"rendered":"<p>Debreczyn, Thomas Mann utca. Wagon 515 zatrzymuje si\u0119 na przystanku Dienes L\u00e1szl\u00f3 Gimn\u00e1zium. Okr\u0105g\u0142y znak zawieszony na odci\u0105gu sieci trakcyjnej na pierwszym planie to odwo\u0142anie ograniczenia pr\u0119dko\u015bci obowi\u0105zuj\u0105cego na \u0142uku przed przystankiem. W tle za\u015b wida\u0107 znak okre\u015blaj\u0105cy dopuszczaln\u0105 pr\u0119dko\u015b\u0107 na zwrotnicy zjazdowej. 20.06.2014<\/p>\n","protected":false},"author":1,"featured_media":8734,"comment_status":"open","ping_status":"","sticky":false,"template":"","format":"standard","meta":{"footnotes":""},"categories":[48,3],"tags":[2189,157,2190,2808,105],"class_list":["post-8733","post","type-post","status-publish","format-standard","has-post-thumbnail","hentry","category-rok-2014","category-tramwaj","tag-2014-06-20","tag-caf-urbos","tag-debreczyn","tag-dkv-debrecen","tag-wegry"],"_links":{"self":[{"href":"http:\/\/wgphoto.pl\/t\/index.php?rest_route=\/wp\/v2\/posts\/8733","targetHints":{"allow":["GET"]}}],"collection":[{"href":"http:\/\/wgphoto.pl\/t\/index.php?rest_route=\/wp\/v2\/posts"}],"about":[{"href":"http:\/\/wgphoto.pl\/t\/index.php?rest_route=\/wp\/v2\/types\/post"}],"author":[{"embeddable":true,"href":"http:\/\/wgphoto.pl\/t\/index.php?rest_route=\/wp\/v2\/users\/1"}],"replies":[{"embeddable":true,"href":"http:\/\/wgphoto.pl\/t\/index.php?rest_route=%2Fwp%2Fv2%2Fcomments&post=8733"}],"version-history":[{"count":1,"href":"http:\/\/wgphoto.pl\/t\/index.php?rest_route=\/wp\/v2\/posts\/8733\/revisions"}],"predecessor-version":[{"id":8735,"href":"http:\/\/wgphoto.pl\/t\/index.php?rest_route=\/wp\/v2\/posts\/8733\/revisions\/8735"}],"wp:featuredmedia":[{"embeddable":true,"href":"http:\/\/wgphoto.pl\/t\/index.php?rest_route=\/wp\/v2\/media\/8734"}],"wp:attachment":[{"href":"http:\/\/wgphoto.pl\/t\/index.php?rest_route=%2Fwp%2Fv2%2Fmedia&parent=8733"}],"wp:term":[{"taxonomy":"category","embeddable":true,"href":"http:\/\/wgphoto.pl\/t\/index.php?rest_route=%2Fwp%2Fv2%2Fcategories&post=8733"},{"taxonomy":"post_tag","embeddable":true,"href":"http:\/\/wgphoto.pl\/t\/index.php?rest_route=%2Fwp%2Fv2%2Ftags&post=8733"}],"curies":[{"name":"wp","href":"https:\/\/api.w.org\/{rel}","templated":true}]}}