{"id":8736,"date":"2025-01-04T22:26:37","date_gmt":"2025-01-04T21:26:37","guid":{"rendered":"https:\/\/wgphoto.pl\/t\/?p=8736"},"modified":"2025-01-04T22:26:37","modified_gmt":"2025-01-04T21:26:37","slug":"caf-urbos-nr-517","status":"publish","type":"post","link":"http:\/\/wgphoto.pl\/t\/?p=8736","title":{"rendered":"CAF Urbos nr 517"},"content":{"rendered":"\n<figure class=\"wp-block-image aligncenter size-full\"><img loading=\"lazy\" decoding=\"async\" width=\"1050\" height=\"700\" src=\"https:\/\/wgphoto.pl\/t\/wp-content\/uploads\/2025\/01\/IMGP5809.jpg\" alt=\"\" class=\"wp-image-8737\" srcset=\"http:\/\/wgphoto.pl\/t\/wp-content\/uploads\/2025\/01\/IMGP5809.jpg 1050w, http:\/\/wgphoto.pl\/t\/wp-content\/uploads\/2025\/01\/IMGP5809-300x200.jpg 300w, http:\/\/wgphoto.pl\/t\/wp-content\/uploads\/2025\/01\/IMGP5809-768x512.jpg 768w\" sizes=\"auto, (max-width: 1050px) 100vw, 1050px\" \/><\/figure>\n\n\n\n<div class=\"wp-block-group has-global-padding is-layout-constrained wp-block-group-is-layout-constrained\">\n<p>Debreczyn, Thomas Mann utca. Trasa linii 2 nie jest szczeg\u00f3lnie atrakcyjna widokowo, gdy\u017c prowadzi na blokowisko, miejscami &#8211; jak tutaj &#8211; w\u015br\u00f3d drzew. 20.06.2014<\/p>\n<\/div>\n","protected":false},"excerpt":{"rendered":"<p>Debreczyn, Thomas Mann utca. Trasa linii 2 nie jest szczeg\u00f3lnie atrakcyjna widokowo, gdy\u017c prowadzi na blokowisko, miejscami &#8211; jak tutaj &#8211; w\u015br\u00f3d drzew. 20.06.2014<\/p>\n","protected":false},"author":1,"featured_media":8737,"comment_status":"open","ping_status":"","sticky":false,"template":"","format":"standard","meta":{"footnotes":""},"categories":[48,3],"tags":[2189,157,2190,2808,105],"class_list":["post-8736","post","type-post","status-publish","format-standard","has-post-thumbnail","hentry","category-rok-2014","category-tramwaj","tag-2014-06-20","tag-caf-urbos","tag-debreczyn","tag-dkv-debrecen","tag-wegry"],"_links":{"self":[{"href":"http:\/\/wgphoto.pl\/t\/index.php?rest_route=\/wp\/v2\/posts\/8736","targetHints":{"allow":["GET"]}}],"collection":[{"href":"http:\/\/wgphoto.pl\/t\/index.php?rest_route=\/wp\/v2\/posts"}],"about":[{"href":"http:\/\/wgphoto.pl\/t\/index.php?rest_route=\/wp\/v2\/types\/post"}],"author":[{"embeddable":true,"href":"http:\/\/wgphoto.pl\/t\/index.php?rest_route=\/wp\/v2\/users\/1"}],"replies":[{"embeddable":true,"href":"http:\/\/wgphoto.pl\/t\/index.php?rest_route=%2Fwp%2Fv2%2Fcomments&post=8736"}],"version-history":[{"count":1,"href":"http:\/\/wgphoto.pl\/t\/index.php?rest_route=\/wp\/v2\/posts\/8736\/revisions"}],"predecessor-version":[{"id":8738,"href":"http:\/\/wgphoto.pl\/t\/index.php?rest_route=\/wp\/v2\/posts\/8736\/revisions\/8738"}],"wp:featuredmedia":[{"embeddable":true,"href":"http:\/\/wgphoto.pl\/t\/index.php?rest_route=\/wp\/v2\/media\/8737"}],"wp:attachment":[{"href":"http:\/\/wgphoto.pl\/t\/index.php?rest_route=%2Fwp%2Fv2%2Fmedia&parent=8736"}],"wp:term":[{"taxonomy":"category","embeddable":true,"href":"http:\/\/wgphoto.pl\/t\/index.php?rest_route=%2Fwp%2Fv2%2Fcategories&post=8736"},{"taxonomy":"post_tag","embeddable":true,"href":"http:\/\/wgphoto.pl\/t\/index.php?rest_route=%2Fwp%2Fv2%2Ftags&post=8736"}],"curies":[{"name":"wp","href":"https:\/\/api.w.org\/{rel}","templated":true}]}}