{"id":8739,"date":"2025-01-04T22:28:00","date_gmt":"2025-01-04T21:28:00","guid":{"rendered":"https:\/\/wgphoto.pl\/t\/?p=8739"},"modified":"2025-01-04T22:28:00","modified_gmt":"2025-01-04T21:28:00","slug":"kolory-na-peronie","status":"publish","type":"post","link":"http:\/\/wgphoto.pl\/t\/?p=8739","title":{"rendered":"Kolory na peronie"},"content":{"rendered":"\n<figure class=\"wp-block-image aligncenter size-full\"><img loading=\"lazy\" decoding=\"async\" width=\"1050\" height=\"700\" src=\"https:\/\/wgphoto.pl\/t\/wp-content\/uploads\/2025\/01\/IMGP5941.jpg\" alt=\"\" class=\"wp-image-8740\" srcset=\"http:\/\/wgphoto.pl\/t\/wp-content\/uploads\/2025\/01\/IMGP5941.jpg 1050w, http:\/\/wgphoto.pl\/t\/wp-content\/uploads\/2025\/01\/IMGP5941-300x200.jpg 300w, http:\/\/wgphoto.pl\/t\/wp-content\/uploads\/2025\/01\/IMGP5941-768x512.jpg 768w\" sizes=\"auto, (max-width: 1050px) 100vw, 1050px\" \/><\/figure>\n\n\n\n<div class=\"wp-block-group has-global-padding is-layout-constrained wp-block-group-is-layout-constrained\">\n<p>Debreczyn, Csemete utca. Warto zwr\u00f3ci\u0107 uwag\u0119 na oznaczenie w pobli\u017cu kraw\u0119dzi peronowej miejsca zatrzymania drzwi tramwaju (na zielono). Pomy\u015blano tak\u017ce o osobach niedowidz\u0105cych, kieruj\u0105c je do pierwszego wej\u015bcia, oraz poruszaj\u0105cych si\u0119 na w\u00f3zkach &#8211; dzi\u0119ki umieszczeniu na platformie przystankowej niebieskiego piktogramu w miejscu zatrzymania drugich drzwi, niestety s\u0142abo widocznego z powodu zastosowania wi\u0119kszej liczby niebieskich p\u0142ytek, zapewne w celach ozdobnych. 20.06.2014<\/p>\n<\/div>\n","protected":false},"excerpt":{"rendered":"<p>Debreczyn, Csemete utca. Warto zwr\u00f3ci\u0107 uwag\u0119 na oznaczenie w pobli\u017cu kraw\u0119dzi peronowej miejsca zatrzymania drzwi tramwaju (na zielono). Pomy\u015blano tak\u017ce o osobach niedowidz\u0105cych, kieruj\u0105c je do pierwszego wej\u015bcia, oraz poruszaj\u0105cych si\u0119 na w\u00f3zkach &#8211; dzi\u0119ki umieszczeniu na platformie przystankowej niebieskiego piktogramu w miejscu zatrzymania drugich drzwi, niestety s\u0142abo widocznego z powodu zastosowania wi\u0119kszej liczby niebieskich [&hellip;]<\/p>\n","protected":false},"author":1,"featured_media":8740,"comment_status":"open","ping_status":"","sticky":false,"template":"","format":"standard","meta":{"footnotes":""},"categories":[48,3],"tags":[2189,157,2190,2808,105],"class_list":["post-8739","post","type-post","status-publish","format-standard","has-post-thumbnail","hentry","category-rok-2014","category-tramwaj","tag-2014-06-20","tag-caf-urbos","tag-debreczyn","tag-dkv-debrecen","tag-wegry"],"_links":{"self":[{"href":"http:\/\/wgphoto.pl\/t\/index.php?rest_route=\/wp\/v2\/posts\/8739","targetHints":{"allow":["GET"]}}],"collection":[{"href":"http:\/\/wgphoto.pl\/t\/index.php?rest_route=\/wp\/v2\/posts"}],"about":[{"href":"http:\/\/wgphoto.pl\/t\/index.php?rest_route=\/wp\/v2\/types\/post"}],"author":[{"embeddable":true,"href":"http:\/\/wgphoto.pl\/t\/index.php?rest_route=\/wp\/v2\/users\/1"}],"replies":[{"embeddable":true,"href":"http:\/\/wgphoto.pl\/t\/index.php?rest_route=%2Fwp%2Fv2%2Fcomments&post=8739"}],"version-history":[{"count":1,"href":"http:\/\/wgphoto.pl\/t\/index.php?rest_route=\/wp\/v2\/posts\/8739\/revisions"}],"predecessor-version":[{"id":8741,"href":"http:\/\/wgphoto.pl\/t\/index.php?rest_route=\/wp\/v2\/posts\/8739\/revisions\/8741"}],"wp:featuredmedia":[{"embeddable":true,"href":"http:\/\/wgphoto.pl\/t\/index.php?rest_route=\/wp\/v2\/media\/8740"}],"wp:attachment":[{"href":"http:\/\/wgphoto.pl\/t\/index.php?rest_route=%2Fwp%2Fv2%2Fmedia&parent=8739"}],"wp:term":[{"taxonomy":"category","embeddable":true,"href":"http:\/\/wgphoto.pl\/t\/index.php?rest_route=%2Fwp%2Fv2%2Fcategories&post=8739"},{"taxonomy":"post_tag","embeddable":true,"href":"http:\/\/wgphoto.pl\/t\/index.php?rest_route=%2Fwp%2Fv2%2Ftags&post=8739"}],"curies":[{"name":"wp","href":"https:\/\/api.w.org\/{rel}","templated":true}]}}