{"id":8742,"date":"2025-01-04T22:29:07","date_gmt":"2025-01-04T21:29:07","guid":{"rendered":"https:\/\/wgphoto.pl\/t\/?p=8742"},"modified":"2025-01-04T22:29:07","modified_gmt":"2025-01-04T21:29:07","slug":"wzorcowe-wnetrze","status":"publish","type":"post","link":"http:\/\/wgphoto.pl\/t\/?p=8742","title":{"rendered":"Wzorcowe wn\u0119trze"},"content":{"rendered":"\n<figure class=\"wp-block-image aligncenter size-full\"><img loading=\"lazy\" decoding=\"async\" width=\"1050\" height=\"700\" src=\"https:\/\/wgphoto.pl\/t\/wp-content\/uploads\/2025\/01\/IMGP5979.jpg\" alt=\"\" class=\"wp-image-8743\" srcset=\"http:\/\/wgphoto.pl\/t\/wp-content\/uploads\/2025\/01\/IMGP5979.jpg 1050w, http:\/\/wgphoto.pl\/t\/wp-content\/uploads\/2025\/01\/IMGP5979-300x200.jpg 300w, http:\/\/wgphoto.pl\/t\/wp-content\/uploads\/2025\/01\/IMGP5979-768x512.jpg 768w\" sizes=\"auto, (max-width: 1050px) 100vw, 1050px\" \/><\/figure>\n\n\n\n<div class=\"wp-block-group has-global-padding is-layout-constrained wp-block-group-is-layout-constrained\">\n<p>Do kompletu prezentuj\u0119 jeszcze wn\u0119trze debreczy\u0144skiego CAF-a, urz\u0105dzone moim zdaniem bardzo funkcjonalnie i mog\u0105ce s\u0142u\u017cy\u0107 za wz\u00f3r dla tramwaj\u00f3w o analogicznej budowie. Konstrukcja w\u00f3zk\u00f3w umo\u017cliwi\u0142a umieszczenie a\u017c 16 siedze\u0144 nad ka\u017cdym z nich, przy czym nad w\u00f3zkami nap\u0119dnymi tylko \u015brodkowe krzes\u0142a s\u0105 podniesione; do skrajnych istnieje dost\u0119p z niskiej pod\u0142ogi. W zwi\u0105zku z du\u017c\u0105 liczb\u0105 miejsc siedz\u0105cych w cz\u0142onach nieparzystych, w segmentach wisz\u0105cych (parzystych) mo\u017cna by\u0142o ograniczy\u0107 ich liczb\u0119 i zorganizowa\u0107 obszern\u0105 w\u00f3zkowni\u0119 (a nawet dwie, gdy\u017c wn\u0119trze tramwaju jest symetryczne w osi pod\u0142u\u017cnej). Inna sprawa, \u017ce parkowanie w\u00f3zk\u00f3w naprzeciwko wej\u015bcia jest w Debreczynie niewskazane z powodu wykorzystywania na niekt\u00f3rych przystankach lewych drzwi. Warto tak\u017ce zwr\u00f3ci\u0107 uwag\u0119 na wygodn\u0105 por\u0119cz na \u015brodku ka\u017cdego przedsionka. Polskim akcentem s\u0105 kasowniki (a mo\u017ce i ca\u0142y system informacji pasa\u017cerskiej &#8211; nie zwr\u00f3ci\u0142em uwagi) produkcji R&amp;G z Mielca. 20.06.2014<\/p>\n<\/div>\n","protected":false},"excerpt":{"rendered":"<p>Do kompletu prezentuj\u0119 jeszcze wn\u0119trze debreczy\u0144skiego CAF-a, urz\u0105dzone moim zdaniem bardzo funkcjonalnie i mog\u0105ce s\u0142u\u017cy\u0107 za wz\u00f3r dla tramwaj\u00f3w o analogicznej budowie. Konstrukcja w\u00f3zk\u00f3w umo\u017cliwi\u0142a umieszczenie a\u017c 16 siedze\u0144 nad ka\u017cdym z nich, przy czym nad w\u00f3zkami nap\u0119dnymi tylko \u015brodkowe krzes\u0142a s\u0105 podniesione; do skrajnych istnieje dost\u0119p z niskiej pod\u0142ogi. W zwi\u0105zku z du\u017c\u0105 liczb\u0105 [&hellip;]<\/p>\n","protected":false},"author":1,"featured_media":8743,"comment_status":"open","ping_status":"","sticky":false,"template":"","format":"standard","meta":{"footnotes":""},"categories":[220,48,3],"tags":[2189,157,2190,2808,105,454],"class_list":["post-8742","post","type-post","status-publish","format-standard","has-post-thumbnail","hentry","category-blo","category-rok-2014","category-tramwaj","tag-2014-06-20","tag-caf-urbos","tag-debreczyn","tag-dkv-debrecen","tag-wegry","tag-wnetrza-pojazdow"],"_links":{"self":[{"href":"http:\/\/wgphoto.pl\/t\/index.php?rest_route=\/wp\/v2\/posts\/8742","targetHints":{"allow":["GET"]}}],"collection":[{"href":"http:\/\/wgphoto.pl\/t\/index.php?rest_route=\/wp\/v2\/posts"}],"about":[{"href":"http:\/\/wgphoto.pl\/t\/index.php?rest_route=\/wp\/v2\/types\/post"}],"author":[{"embeddable":true,"href":"http:\/\/wgphoto.pl\/t\/index.php?rest_route=\/wp\/v2\/users\/1"}],"replies":[{"embeddable":true,"href":"http:\/\/wgphoto.pl\/t\/index.php?rest_route=%2Fwp%2Fv2%2Fcomments&post=8742"}],"version-history":[{"count":1,"href":"http:\/\/wgphoto.pl\/t\/index.php?rest_route=\/wp\/v2\/posts\/8742\/revisions"}],"predecessor-version":[{"id":8744,"href":"http:\/\/wgphoto.pl\/t\/index.php?rest_route=\/wp\/v2\/posts\/8742\/revisions\/8744"}],"wp:featuredmedia":[{"embeddable":true,"href":"http:\/\/wgphoto.pl\/t\/index.php?rest_route=\/wp\/v2\/media\/8743"}],"wp:attachment":[{"href":"http:\/\/wgphoto.pl\/t\/index.php?rest_route=%2Fwp%2Fv2%2Fmedia&parent=8742"}],"wp:term":[{"taxonomy":"category","embeddable":true,"href":"http:\/\/wgphoto.pl\/t\/index.php?rest_route=%2Fwp%2Fv2%2Fcategories&post=8742"},{"taxonomy":"post_tag","embeddable":true,"href":"http:\/\/wgphoto.pl\/t\/index.php?rest_route=%2Fwp%2Fv2%2Ftags&post=8742"}],"curies":[{"name":"wp","href":"https:\/\/api.w.org\/{rel}","templated":true}]}}